{"id":314,"date":"2007-04-23T20:34:20","date_gmt":"2007-04-23T20:34:20","guid":{"rendered":"http:\/\/blogs.diariovasco.com\/eljukebox\/?p=314"},"modified":"2007-04-23T20:34:20","modified_gmt":"2007-04-23T20:34:20","slug":"isiga_a_ese_libro","status":"publish","type":"post","link":"https:\/\/blogs.diariovasco.com\/eljukebox\/2007\/04\/23\/isiga_a_ese_libro\/","title":{"rendered":"\u00a1Siga a ese libro!"},"content":{"rendered":"<p>Al margen de los puestos en la plaza de Gipuzkoa, del ambiente de<br \/>\nmercadillo y del descuento del 10% en los precios \u2013que habr\u00e1 quien los<br \/>\naprecie sobremanera\u2013, lo mejor del D\u00eda del Libro es la lectura p\u00fablica<br \/>\nque se lleva a cabo en la carpa instalada en la plaza, en la que<br \/>\nescritores y ciudadanos an\u00f3nimos recitan durante cinco minutos unas<br \/>\np\u00e1ginas de su elecci\u00f3n. El objetivo es deleitar al instante y, si es<br \/>\nposible, crear en el p\u00fablico la necesidad de saber c\u00f3mo sigue e incluso<br \/>\nc\u00f3mo termina la historia. <br \/>\nComo modesta contribuci\u00f3n a la iniciativa, aqu\u00ed va el p\u00e1rrafo inicial de la novela de Jonathan Lethem \u2018Hu\u00e9rfanos de Brooklyn\u2019:<br \/>\n\u00abEl contexto lo es todo. Disfr\u00e1zame y ver\u00e1s. Soy un voceador de feria,<br \/>\nun subastador, un artista de performances del centro de la ciudad, un<br \/>\nexperto en lenguas ignotas, un senador borracho de maniobras<br \/>\ndilatorias. Tengo el s\u00edndrome de Tourette. Mis labios no paran, aunque<br \/>\nsobre todo susurro y murmuro como si leyera en voz alta mientras mi<br \/>\nnuez sube y baja y el m\u00fasculo de la mand\u00edbula late como un corazoncito<br \/>\nescondido bajo la mejilla pero sin emitir ning\u00fan sonido; las palabras<br \/>\nse me escapan en silencio, meros fantasmas de s\u00ed mismas, c\u00e1scaras<br \/>\nvac\u00edas de aliento y tono\u00bb.<\/p>\n<p><\/p>\n<!-- AddThis Advanced Settings generic via filter on the_content --><!-- AddThis Share Buttons generic via filter on the_content -->","protected":false},"excerpt":{"rendered":"<p>Al margen de los puestos en la plaza de Gipuzkoa, del ambiente de mercadillo y del descuento del 10% en los precios \u2013que habr\u00e1 quien los aprecie sobremanera\u2013, lo mejor del D\u00eda del Libro es la lectura p\u00fablica que se lleva a cabo en la carpa instalada en la plaza, en la que escritores y [&hellip;]<!-- AddThis Advanced Settings generic via filter on get_the_excerpt --><!-- AddThis Share Buttons generic via filter on get_the_excerpt --><\/p>\n","protected":false},"author":37,"featured_media":0,"comment_status":"open","ping_status":"closed","sticky":false,"template":"","format":"standard","meta":[],"categories":[2],"tags":[5],"_links":{"self":[{"href":"https:\/\/blogs.diariovasco.com\/eljukebox\/wp-json\/wp\/v2\/posts\/314"}],"collection":[{"href":"https:\/\/blogs.diariovasco.com\/eljukebox\/wp-json\/wp\/v2\/posts"}],"about":[{"href":"https:\/\/blogs.diariovasco.com\/eljukebox\/wp-json\/wp\/v2\/types\/post"}],"author":[{"embeddable":true,"href":"https:\/\/blogs.diariovasco.com\/eljukebox\/wp-json\/wp\/v2\/users\/37"}],"replies":[{"embeddable":true,"href":"https:\/\/blogs.diariovasco.com\/eljukebox\/wp-json\/wp\/v2\/comments?post=314"}],"version-history":[{"count":0,"href":"https:\/\/blogs.diariovasco.com\/eljukebox\/wp-json\/wp\/v2\/posts\/314\/revisions"}],"wp:attachment":[{"href":"https:\/\/blogs.diariovasco.com\/eljukebox\/wp-json\/wp\/v2\/media?parent=314"}],"wp:term":[{"taxonomy":"category","embeddable":true,"href":"https:\/\/blogs.diariovasco.com\/eljukebox\/wp-json\/wp\/v2\/categories?post=314"},{"taxonomy":"post_tag","embeddable":true,"href":"https:\/\/blogs.diariovasco.com\/eljukebox\/wp-json\/wp\/v2\/tags?post=314"}],"curies":[{"name":"wp","href":"https:\/\/api.w.org\/{rel}","templated":true}]}}