{"id":315,"date":"2007-04-24T20:26:57","date_gmt":"2007-04-24T20:26:57","guid":{"rendered":"http:\/\/blogs.diariovasco.com\/eljukebox\/?p=315"},"modified":"2007-04-24T20:26:57","modified_gmt":"2007-04-24T20:26:57","slug":"buen_material","status":"publish","type":"post","link":"https:\/\/blogs.diariovasco.com\/eljukebox\/2007\/04\/24\/buen_material\/","title":{"rendered":"Buen material"},"content":{"rendered":"<p>Alberto Moyano<\/p>\n<p>El Parlamento Vasco vivi\u00f3 ayer una de esas jornadas que parecen<br \/>\nprogramadas por nuestros dirigentes pol\u00edticos con el objetivo de<br \/>\ndemostrar no ya su eficacia, sino los abismos en los que sumir\u00eda la<br \/>\nsociedad sin su concurso. El caso es que setenta y cinco j\u00f3venes de<br \/>\ndoce centros educativos del Pa\u00eds Vasco tomaron la C\u00e1mara Vasca con el<br \/>\nobjetivo de debatir sobre las drogas, as\u00ed, en general.<br \/>\nY a juzgar por las cr\u00f3nicas period\u00edsticas, los resultados fueron<br \/>\ndesalentadores. \u00abEs imprescindible saber decir no\u00bb, dicen que dijeron<br \/>\nlos j\u00f3venes. En concreto: \u00abEs imprescindible saber decir no. Unos dir\u00e1n<br \/>\nno, con rotundidad y a otros les costar\u00e1 m\u00e1s\u00bb, argument\u00f3 con enorme<br \/>\ncandidez una de las participantes. <br \/>\nSi las sustancias estupefacientes no estuvieran acompa\u00f1ando al bicho<br \/>\nhumano desde los albores de su historia, aqu\u00ed podr\u00eda repetirse aquello<br \/>\nde \u00ablas drogas est\u00e1n aqu\u00ed para quedarse\u00bb. Esgrimir a estas alturas el<br \/>\nno, gracias como arma en la lucha contra la droga es como creer que en<br \/>\nIrak no te van disparar si llevas gafas.<br \/>\nEn todo caso, hay que aplaudir esta iniciativa, m\u00e1s all\u00e1 de lo que<br \/>\nsuponga en materia de concienciaci\u00f3n democr\u00e1tica. Y es que si el tema<br \/>\nes la droga, pocos lugares m\u00e1s id\u00f3neos que el Parlamento. De hecho, a\u00fan<br \/>\nse recuerda que, sometidos por un programa televisivo cincuenta<br \/>\ndiputados italianos a una prueba de antinarc\u00f3tico, el resultado fue que<br \/>\nel 32% consum\u00edan droga. Otro reportaje realizado a pie de v\u00e1ter en los<br \/>\nservicios del Reichtag alem\u00e1n arroj\u00f3 resultados similares. Y, con<br \/>\nfranqueza, carecemos de indicios que nos lleven a pensar que en Vitoria<br \/>\no Madrid las conclusiones fueran a ser radicalmente distintas. Bueno, o<br \/>\ns\u00ed, que nunca se sabe y en pol\u00edtica hay gente muy rara.<\/p>\n<p><\/p>\n<!-- AddThis Advanced Settings generic via filter on the_content --><!-- AddThis Share Buttons generic via filter on the_content -->","protected":false},"excerpt":{"rendered":"<p>Alberto Moyano El Parlamento Vasco vivi\u00f3 ayer una de esas jornadas que parecen programadas por nuestros dirigentes pol\u00edticos con el objetivo de demostrar no ya su eficacia, sino los abismos en los que sumir\u00eda la sociedad sin su concurso. El caso es que setenta y cinco j\u00f3venes de doce centros educativos del Pa\u00eds Vasco tomaron [&hellip;]<!-- AddThis Advanced Settings generic via filter on get_the_excerpt --><!-- AddThis Share Buttons generic via filter on get_the_excerpt --><\/p>\n","protected":false},"author":37,"featured_media":0,"comment_status":"open","ping_status":"closed","sticky":false,"template":"","format":"standard","meta":[],"categories":[2],"tags":[5],"_links":{"self":[{"href":"https:\/\/blogs.diariovasco.com\/eljukebox\/wp-json\/wp\/v2\/posts\/315"}],"collection":[{"href":"https:\/\/blogs.diariovasco.com\/eljukebox\/wp-json\/wp\/v2\/posts"}],"about":[{"href":"https:\/\/blogs.diariovasco.com\/eljukebox\/wp-json\/wp\/v2\/types\/post"}],"author":[{"embeddable":true,"href":"https:\/\/blogs.diariovasco.com\/eljukebox\/wp-json\/wp\/v2\/users\/37"}],"replies":[{"embeddable":true,"href":"https:\/\/blogs.diariovasco.com\/eljukebox\/wp-json\/wp\/v2\/comments?post=315"}],"version-history":[{"count":0,"href":"https:\/\/blogs.diariovasco.com\/eljukebox\/wp-json\/wp\/v2\/posts\/315\/revisions"}],"wp:attachment":[{"href":"https:\/\/blogs.diariovasco.com\/eljukebox\/wp-json\/wp\/v2\/media?parent=315"}],"wp:term":[{"taxonomy":"category","embeddable":true,"href":"https:\/\/blogs.diariovasco.com\/eljukebox\/wp-json\/wp\/v2\/categories?post=315"},{"taxonomy":"post_tag","embeddable":true,"href":"https:\/\/blogs.diariovasco.com\/eljukebox\/wp-json\/wp\/v2\/tags?post=315"}],"curies":[{"name":"wp","href":"https:\/\/api.w.org\/{rel}","templated":true}]}}