{"id":318,"date":"2007-04-30T17:50:47","date_gmt":"2007-04-30T17:50:47","guid":{"rendered":"http:\/\/blogs.diariovasco.com\/eljukebox\/?p=318"},"modified":"2007-04-30T17:50:47","modified_gmt":"2007-04-30T17:50:47","slug":"si_hoy_es_lunes_esto_son_las_termopilas","status":"publish","type":"post","link":"https:\/\/blogs.diariovasco.com\/eljukebox\/2007\/04\/30\/si_hoy_es_lunes_esto_son_las_termopilas\/","title":{"rendered":"Si hoy es lunes, esto son las Term\u00f3pilas"},"content":{"rendered":"<p><P>Alberto Moyano<\/P><br \/>\n<P>La primera en lanzar la especie fue la escritora Julia Navarro y el caso es que ha hecho fortuna, lo que demuestra lo dif\u00edcil que es digerir la Historia y lo f\u00e1cil que resulta perderse en ella.<\/P><br \/>\n<P>El caso es que la mujer public\u00f3 hace un par de semanas un art\u00edculo en el que, al hilo del estreno de la pel\u00edcula &#8216;300&#8217;, en la que se narra la desigual batalla entre espartanos y persas en las Term\u00f3pilas 480 a\u00f1os antes de Cristo, asegura que el hero\u00edsmo -\u00bfpuede calificarse de tal la actitud imb\u00e9cil de los 300 majaras que se enfrentaron a los 200.000 persas?- de los primeros nos ha salvado de la barbarie de los segundos. El tedioso argumentario ven\u00eda a concluir que si hoy en d\u00eda hay democracia es por el hero\u00edsmo de L\u00f3nidas y su comando suicida.<\/P><br \/>\n<P>Ayer, dos m\u00e1s se sumaban a la teor\u00eda. Por un lado, Fernando Savater, quien escrib\u00eda que Esparta &#8220;es un ejemplo moral: el de que la libertad de los muchos, perezosos o seducidos por la tiran\u00eda, se salva casi siempre por la determinaci\u00f3n indomable de unos pocos que pelean contra lo que parece irremediable, contra lo veros\u00edmil predicado por los acomodaticios, contra lo que la prudencia aconsejada por el dominio aconseja como m\u00e1s recomendable&#8221;. Es posible, pero mejor matizar porque el p\u00e1rrafo, as\u00ed tal cual, te lo firma De Juana Chaos. El problema es que el fil\u00f3sofo insiste en que sin estos 300 hoy no tendr\u00edamos &#8220;parlamentos en Europa&#8221;. Tambi\u00e9n puede ser, pero 26 siglos parecen&nbsp;bastantes como para ser un poco prudentes a la hora de aventurar teor\u00edas.<\/P><br \/>\n<P>El otro es que se apunta al invento es Arturo P\u00e9rez-Reverte, quien en su art\u00edculo de &#8216;El Semanal&#8217; sostiene que &#8220;Le\u00f3nidas y los suyos hicieron posible Europa, la Enciclopedia, la Revoluci\u00f3n francesa, los parlamentos occidentales, que mi hija salga a la calle sin velo y sin que le ampuen el cl\u00edtoris&#8221;. Tambi\u00e9n parece mucho decir. En Ir\u00e1n, por ejemplo, en 1976 las mujeres sal\u00edan a la calle sin velo y ahora ya ves t\u00fa. Y si a la hija de Reverte le hubieran amputado el cl\u00edtoris, que no mire para otro lado, que estas cosas, donde se hacen, se hacen en familia. Dice Reverte que &#8220;aplicamos al a\u00f1o 480 antes de Cristo los est\u00fapidos clich\u00e9s de lo social o pol\u00edticamente correcto en 2007&#8221;. Precisamente, eso es lo esperp\u00e9ntico de su art\u00edculo.<\/P><br \/>\n<P>En fin, uno cre\u00eda que la democracia la hab\u00eda tra\u00eddo Su Majestad El Abuelo de Sof\u00eda, pero se ve que no. Pues nada, larga vida a los espartanos y a Le\u00f3nidas que, eso s\u00ed, no nos libraron ni de la Inquisici\u00f3n, ni del Absolutismo, ni&nbsp;del Franquismo, por no seguir.&nbsp;<\/P><\/p>\n<!-- AddThis Advanced Settings generic via filter on the_content --><!-- AddThis Share Buttons generic via filter on the_content -->","protected":false},"excerpt":{"rendered":"<p>Alberto Moyano La primera en lanzar la especie fue la escritora Julia Navarro y el caso es que ha hecho fortuna, lo que demuestra lo dif\u00edcil que es digerir la Historia y lo f\u00e1cil que resulta perderse en ella. El caso es que la mujer public\u00f3 hace un par de semanas un art\u00edculo en el [&hellip;]<!-- AddThis Advanced Settings generic via filter on get_the_excerpt --><!-- AddThis Share Buttons generic via filter on get_the_excerpt --><\/p>\n","protected":false},"author":37,"featured_media":0,"comment_status":"open","ping_status":"closed","sticky":false,"template":"","format":"standard","meta":[],"categories":[2],"tags":[5],"_links":{"self":[{"href":"https:\/\/blogs.diariovasco.com\/eljukebox\/wp-json\/wp\/v2\/posts\/318"}],"collection":[{"href":"https:\/\/blogs.diariovasco.com\/eljukebox\/wp-json\/wp\/v2\/posts"}],"about":[{"href":"https:\/\/blogs.diariovasco.com\/eljukebox\/wp-json\/wp\/v2\/types\/post"}],"author":[{"embeddable":true,"href":"https:\/\/blogs.diariovasco.com\/eljukebox\/wp-json\/wp\/v2\/users\/37"}],"replies":[{"embeddable":true,"href":"https:\/\/blogs.diariovasco.com\/eljukebox\/wp-json\/wp\/v2\/comments?post=318"}],"version-history":[{"count":0,"href":"https:\/\/blogs.diariovasco.com\/eljukebox\/wp-json\/wp\/v2\/posts\/318\/revisions"}],"wp:attachment":[{"href":"https:\/\/blogs.diariovasco.com\/eljukebox\/wp-json\/wp\/v2\/media?parent=318"}],"wp:term":[{"taxonomy":"category","embeddable":true,"href":"https:\/\/blogs.diariovasco.com\/eljukebox\/wp-json\/wp\/v2\/categories?post=318"},{"taxonomy":"post_tag","embeddable":true,"href":"https:\/\/blogs.diariovasco.com\/eljukebox\/wp-json\/wp\/v2\/tags?post=318"}],"curies":[{"name":"wp","href":"https:\/\/api.w.org\/{rel}","templated":true}]}}