{"id":321,"date":"2007-05-04T17:19:33","date_gmt":"2007-05-04T17:19:33","guid":{"rendered":"http:\/\/blogs.diariovasco.com\/eljukebox\/?p=321"},"modified":"2007-05-04T17:19:33","modified_gmt":"2007-05-04T17:19:33","slug":"vina_aznar","status":"publish","type":"post","link":"https:\/\/blogs.diariovasco.com\/eljukebox\/2007\/05\/04\/vina_aznar\/","title":{"rendered":"Vi\u00f1a Aznar"},"content":{"rendered":"<p><P>Alberto Moyano<\/P><br \/>\n<P>Tras poner las patas encima de la mesa en compa\u00f1\u00eda de Bush y cerrar un par de peri\u00f3dicos que la gente no deb\u00eda leer, el ex presidente Aznar se retrata como el liberal que siempre ha sido y anuncia que no le gusta que le digan que &#8220;no puede ir usted a tanta velocidad, no puede comer hamburguesa de tanto (\u00bf?) o se le proh\u00edbe beber vino. D\u00e9jeme que decida por m\u00ed, que en eso consiste la libertad&#8221;.<\/P><br \/>\n<P>En eso consiste la suya y en no cruzarse en la carretera con una ex presidente borracho la de todos los dem\u00e1s. A su hijo ya le multaron en Italia por exceso de velocidad al volante de \u00bfun Lamborghini? \u00bfQuiere Aznar vivir deprisa? Adelante, hombre, pero eso s\u00ed, que&nbsp;se vaya olvidando de&nbsp;dejar un cad\u00e1ver bonito.<\/P><br \/>\n<P>A pesar de lo que&nbsp;la simpleza del discurso parece indicar, lo cierto es que el marido de la Botella no es exactamente su creador. Es m\u00e1s: tanto viaje a Georgetown y tantas estancias en el rancho de George comienzan a pasarle factura. El aparato te\u00f3rico que sustenta esa zaborra ideol\u00f3gica de &#8216;cuanto menos Estado mejor&#8217; forma parte arraigada del acerbo cultural del ultraderechismo estadounidense. El mismo&nbsp;que, llevado a su extremo, engendra ciudadanos como&nbsp;aqu\u00e9l que en &#8216;Bowling for Columbine&#8217;&nbsp;defend\u00eda su derecho a guardar una bomba at\u00f3mica en casa bajo el amparo de no s\u00e9 qu\u00e9 enmienda de la Constituci\u00f3n.<\/P><br \/>\n<P>Aqu\u00e9llos que se niegan a\u00fan a aceptar la dolorosa realidad de que esta mente privilegiada fue la encargada de gobernar Espa\u00f1a durante ocho a\u00f1os -como el director de Tr\u00e1fico, Pere Navarro-, atribuyen el desliz de Jos\u00e9 Mar\u00eda a la ingesta previa de algunas copichuelas. El resto no somos tan optimistas, pero nos conformamos con que le quiten algunos puntos del carn\u00e9 y se los apliquen en la boca.&nbsp;Aunque s\u00f3lo sea&nbsp;por Rajoy, el pobre. <\/P><\/p>\n<!-- AddThis Advanced Settings generic via filter on the_content --><!-- AddThis Share Buttons generic via filter on the_content -->","protected":false},"excerpt":{"rendered":"<p>Alberto Moyano Tras poner las patas encima de la mesa en compa\u00f1\u00eda de Bush y cerrar un par de peri\u00f3dicos que la gente no deb\u00eda leer, el ex presidente Aznar se retrata como el liberal que siempre ha sido y anuncia que no le gusta que le digan que &#8220;no puede ir usted a tanta [&hellip;]<!-- AddThis Advanced Settings generic via filter on get_the_excerpt --><!-- AddThis Share Buttons generic via filter on get_the_excerpt --><\/p>\n","protected":false},"author":37,"featured_media":0,"comment_status":"open","ping_status":"closed","sticky":false,"template":"","format":"standard","meta":[],"categories":[2],"tags":[5],"_links":{"self":[{"href":"https:\/\/blogs.diariovasco.com\/eljukebox\/wp-json\/wp\/v2\/posts\/321"}],"collection":[{"href":"https:\/\/blogs.diariovasco.com\/eljukebox\/wp-json\/wp\/v2\/posts"}],"about":[{"href":"https:\/\/blogs.diariovasco.com\/eljukebox\/wp-json\/wp\/v2\/types\/post"}],"author":[{"embeddable":true,"href":"https:\/\/blogs.diariovasco.com\/eljukebox\/wp-json\/wp\/v2\/users\/37"}],"replies":[{"embeddable":true,"href":"https:\/\/blogs.diariovasco.com\/eljukebox\/wp-json\/wp\/v2\/comments?post=321"}],"version-history":[{"count":0,"href":"https:\/\/blogs.diariovasco.com\/eljukebox\/wp-json\/wp\/v2\/posts\/321\/revisions"}],"wp:attachment":[{"href":"https:\/\/blogs.diariovasco.com\/eljukebox\/wp-json\/wp\/v2\/media?parent=321"}],"wp:term":[{"taxonomy":"category","embeddable":true,"href":"https:\/\/blogs.diariovasco.com\/eljukebox\/wp-json\/wp\/v2\/categories?post=321"},{"taxonomy":"post_tag","embeddable":true,"href":"https:\/\/blogs.diariovasco.com\/eljukebox\/wp-json\/wp\/v2\/tags?post=321"}],"curies":[{"name":"wp","href":"https:\/\/api.w.org\/{rel}","templated":true}]}}