{"id":323,"date":"2007-05-08T18:53:51","date_gmt":"2007-05-08T18:53:51","guid":{"rendered":"http:\/\/blogs.diariovasco.com\/eljukebox\/?p=323"},"modified":"2007-05-08T18:53:51","modified_gmt":"2007-05-08T18:53:51","slug":"trenes_que_no_se_van","status":"publish","type":"post","link":"https:\/\/blogs.diariovasco.com\/eljukebox\/2007\/05\/08\/trenes_que_no_se_van\/","title":{"rendered":"Trenes que no se van"},"content":{"rendered":"<p><P>Alberto Moyano<\/P><br \/>\n<P>Al hilo del \u00e9xito de audiencia registrado el viernes por la noche en Cuatro con &#8216;La derrota de los embusteros&#8217;, la cadena de Prisa decidi\u00f3 anoche repetir el reportaje sobre las mentiras que han rodeado la investigaci\u00f3n de la matanza del 11-M y que, en su conjunto, han dado en llamarse &#8216;teor\u00eda de la conspiraci\u00f3n&#8217;.<\/P><br \/>\n<P>Hay que reconocer que el efecto que causa digerir en hora y media las invenciones sembradas a lo largo de tres a\u00f1os causa un cierto empacho, am\u00e9n de una infinita verg\u00fcenza ajena. Presentado por I\u00f1aki Gabilondo y estructurado con tal coherencia que uno ten\u00eda la imprensi\u00f3n de estar entendiendo algo, el peso del documental reca\u00eda en el trabajo de los reporteros de la cadena, entre los que destaca Sonsoles \u00d3nega, gran informadora de tribunales.<\/P><br \/>\n<P>Fuera del reportaje qued\u00f3, l\u00f3gicamente, la otra mentira de aquellos d\u00edas, difundida por la SER y referente a la existencia de terroristas suicidas en&nbsp;los trenes. El hecho de que ni servicios de rescate, ni los distintos cuerpos de polic\u00eda, ni forenses, ni peritos, ni nadie barajara alg\u00fan dato que apuntara hacia esta hip\u00f3tesis da que pensar -en realidad, muy poco- en cuanto al origen de la informaci\u00f3n.<\/P><br \/>\n<P>En todo caso, el mill\u00f3n y medio de espectadores que siguieron el documental en su emisi\u00f3n del viernes, en competici\u00f3n con alg\u00fan documental de la folcl\u00f3rica,&nbsp;demuestran lo que ya se sab\u00eda: que hay muchas gentes que aman la &#8216;telezaborra&#8217;, pero&nbsp;tambi\u00e9n hay otras muchas que&nbsp;prefieren otra alternativa.<\/P><\/p>\n<!-- AddThis Advanced Settings generic via filter on the_content --><!-- AddThis Share Buttons generic via filter on the_content -->","protected":false},"excerpt":{"rendered":"<p>Alberto Moyano Al hilo del \u00e9xito de audiencia registrado el viernes por la noche en Cuatro con &#8216;La derrota de los embusteros&#8217;, la cadena de Prisa decidi\u00f3 anoche repetir el reportaje sobre las mentiras que han rodeado la investigaci\u00f3n de la matanza del 11-M y que, en su conjunto, han dado en llamarse &#8216;teor\u00eda de [&hellip;]<!-- AddThis Advanced Settings generic via filter on get_the_excerpt --><!-- AddThis Share Buttons generic via filter on get_the_excerpt --><\/p>\n","protected":false},"author":37,"featured_media":0,"comment_status":"open","ping_status":"closed","sticky":false,"template":"","format":"standard","meta":[],"categories":[2],"tags":[5],"_links":{"self":[{"href":"https:\/\/blogs.diariovasco.com\/eljukebox\/wp-json\/wp\/v2\/posts\/323"}],"collection":[{"href":"https:\/\/blogs.diariovasco.com\/eljukebox\/wp-json\/wp\/v2\/posts"}],"about":[{"href":"https:\/\/blogs.diariovasco.com\/eljukebox\/wp-json\/wp\/v2\/types\/post"}],"author":[{"embeddable":true,"href":"https:\/\/blogs.diariovasco.com\/eljukebox\/wp-json\/wp\/v2\/users\/37"}],"replies":[{"embeddable":true,"href":"https:\/\/blogs.diariovasco.com\/eljukebox\/wp-json\/wp\/v2\/comments?post=323"}],"version-history":[{"count":0,"href":"https:\/\/blogs.diariovasco.com\/eljukebox\/wp-json\/wp\/v2\/posts\/323\/revisions"}],"wp:attachment":[{"href":"https:\/\/blogs.diariovasco.com\/eljukebox\/wp-json\/wp\/v2\/media?parent=323"}],"wp:term":[{"taxonomy":"category","embeddable":true,"href":"https:\/\/blogs.diariovasco.com\/eljukebox\/wp-json\/wp\/v2\/categories?post=323"},{"taxonomy":"post_tag","embeddable":true,"href":"https:\/\/blogs.diariovasco.com\/eljukebox\/wp-json\/wp\/v2\/tags?post=323"}],"curies":[{"name":"wp","href":"https:\/\/api.w.org\/{rel}","templated":true}]}}