{"id":324,"date":"2007-05-09T20:29:40","date_gmt":"2007-05-09T20:29:40","guid":{"rendered":"http:\/\/blogs.diariovasco.com\/eljukebox\/?p=324"},"modified":"2007-05-09T20:29:40","modified_gmt":"2007-05-09T20:29:40","slug":"esculturas_publicas_vicios_privados","status":"publish","type":"post","link":"https:\/\/blogs.diariovasco.com\/eljukebox\/2007\/05\/09\/esculturas_publicas_vicios_privados\/","title":{"rendered":"Esculturas p\u00fablicas, vicios privados"},"content":{"rendered":"<p>Alberto Moyano<\/p>\n<p>Se juntaban hoy en Donostia unos cuantos artistas, su periferia y alg\u00fan<br \/>\nabogado para denunciar, en nombre de Visual Entidad de Gesti\u00f3n de<br \/>\nAutores Pl\u00e1sticos, la desidia con la que, en el mejor de los casos, las<br \/>\ninstituciones tratan las obras de arte p\u00fablicas que adornan calles y<br \/>\nplazas.<br \/>\nLa historia es vieja, pero los artistas prefieren a la hora de firmar<br \/>\nlos contratos, los artistas prefieren la indefinici\u00f3n en estos<br \/>\naspectos, para centrar sus esfuerzos en la negociaci\u00f3n de las<br \/>\ncondiciones econ\u00f3micas. As\u00ed, los coches aparcados, las txoznas de las<br \/>\nferias y las pintadas m\u00e1s o menos espont\u00e1neas adornan y acompa\u00f1an aqu\u00ed<br \/>\ny all\u00e1 buen n\u00famero de esculturas callejeras, sin que los responsables<br \/>\ninstitucionales que las abrazaron en el posado del d\u00eda de la<br \/>\ninauguraci\u00f3n se den por aludidos. Y del pueblo, mejor no hablar porque<br \/>\npuesto en la encrucijada de escoger entre una obra de Henry Moore y una<br \/>\nplaza de aparcamiento, la iconoclastia es la opci\u00f3n correcta.<br \/>\nHablaron tambi\u00e9n los artistas de las obras que graciosamente se donan a<br \/>\ndeterminada localidad, opci\u00f3n peor a\u00fan, porque para la autoridad<br \/>\ncompetente cualquier evento con connotaciones culturales termina siendo<br \/>\nun engorro y si la obra sale gratis, no lo sale tanto la creaci\u00f3n del<br \/>\nentorno urbano adecuado, con sus elevados presupuestos y sus pol\u00e9micas<br \/>\nciudadanas. De hecho,&nbsp; los gobernantes podr\u00edan ocuparse del<br \/>\nmantenimiento y buena conservaci\u00f3n de las obras instaladas en espacios<br \/>\np\u00fablicos, pero en realidad prefieren echar un vistazo y confirmarnos<br \/>\nque la escultura en cuesti\u00f3n se mantiene en di\u00e1logo con su entorno.<br \/>\nM\u00e1s llamativa fue la denuncia dirigida contra Guggenheim y Artium, a<br \/>\nquienes acusaron de presionar a los artistas para que renuncien a sus<br \/>\nderechos de autor, ahorr\u00e1ndose as\u00ed las remuneraciones equitativas que<br \/>\nles corresponden de acuerdo con la Ley de Propiedad Intelectual.<br \/>\nContentos, dir\u00e1n quienes gestionan los museos, que les dejamos exponer<br \/>\nen nuestros contenedores de dise\u00f1o. Por otra parte, surge la duda:<br \/>\n\u00bfquiere esto decir que se puede usar a discreci\u00f3n la marca \u2013por poner<br \/>\nun ejemplo\u2013 Guggenheim-Bilbao? <\/p>\n<!-- AddThis Advanced Settings generic via filter on the_content --><!-- AddThis Share Buttons generic via filter on the_content -->","protected":false},"excerpt":{"rendered":"<p>Alberto Moyano Se juntaban hoy en Donostia unos cuantos artistas, su periferia y alg\u00fan abogado para denunciar, en nombre de Visual Entidad de Gesti\u00f3n de Autores Pl\u00e1sticos, la desidia con la que, en el mejor de los casos, las instituciones tratan las obras de arte p\u00fablicas que adornan calles y plazas. La historia es vieja, [&hellip;]<!-- AddThis Advanced Settings generic via filter on get_the_excerpt --><!-- AddThis Share Buttons generic via filter on get_the_excerpt --><\/p>\n","protected":false},"author":37,"featured_media":0,"comment_status":"open","ping_status":"closed","sticky":false,"template":"","format":"standard","meta":[],"categories":[2],"tags":[5],"_links":{"self":[{"href":"https:\/\/blogs.diariovasco.com\/eljukebox\/wp-json\/wp\/v2\/posts\/324"}],"collection":[{"href":"https:\/\/blogs.diariovasco.com\/eljukebox\/wp-json\/wp\/v2\/posts"}],"about":[{"href":"https:\/\/blogs.diariovasco.com\/eljukebox\/wp-json\/wp\/v2\/types\/post"}],"author":[{"embeddable":true,"href":"https:\/\/blogs.diariovasco.com\/eljukebox\/wp-json\/wp\/v2\/users\/37"}],"replies":[{"embeddable":true,"href":"https:\/\/blogs.diariovasco.com\/eljukebox\/wp-json\/wp\/v2\/comments?post=324"}],"version-history":[{"count":0,"href":"https:\/\/blogs.diariovasco.com\/eljukebox\/wp-json\/wp\/v2\/posts\/324\/revisions"}],"wp:attachment":[{"href":"https:\/\/blogs.diariovasco.com\/eljukebox\/wp-json\/wp\/v2\/media?parent=324"}],"wp:term":[{"taxonomy":"category","embeddable":true,"href":"https:\/\/blogs.diariovasco.com\/eljukebox\/wp-json\/wp\/v2\/categories?post=324"},{"taxonomy":"post_tag","embeddable":true,"href":"https:\/\/blogs.diariovasco.com\/eljukebox\/wp-json\/wp\/v2\/tags?post=324"}],"curies":[{"name":"wp","href":"https:\/\/api.w.org\/{rel}","templated":true}]}}