{"id":337,"date":"2007-05-23T20:18:20","date_gmt":"2007-05-23T20:18:20","guid":{"rendered":"http:\/\/blogs.diariovasco.com\/eljukebox\/?p=337"},"modified":"2007-05-23T20:18:20","modified_gmt":"2007-05-23T20:18:20","slug":"campana_viene_de_champana_viii","status":"publish","type":"post","link":"https:\/\/blogs.diariovasco.com\/eljukebox\/2007\/05\/23\/campana_viene_de_champana_viii\/","title":{"rendered":"Campa\u00f1a viene de champa\u00f1a (VIII)"},"content":{"rendered":"<p>Alberto Moyano<\/p>\n<p>Advierte Aznar de que \u00abcada voto que no vaya al PP ser\u00e1 para que ETA<br \/>\nest\u00e9 en las instituciones\u00bb. Desde ese punto de vista y antes de que<br \/>\ncomiencen las ilegalizaciones masivo-preventivas, urge la creaci\u00f3n de<br \/>\nese partido que anuncian Fernando Savater y C\u00eda. De lo contrario, el<br \/>\nmodelo Lizartza, con una \u00fanica lista presentada \u2013casualmente la del<br \/>\nPP\u2013, se extender\u00e1 a todo el pa\u00eds.<br \/>\nMientras tanto, el alcalde Od\u00f3n Elorza y varios de sus concejales se<br \/>\nhan hecho inmortalizar esta ma\u00f1ana por las c\u00e1maras de la prensa<br \/>\nmientras disputaban un apasionante partido de baloncesto en las pistas<br \/>\npolideportivas de Benta Berri. A pesar de la est\u00e9tica ni\u00f1o-de-Chernobil<br \/>\nque exhibe el alcalde, demuestra cierto estilo en alg\u00fan gancho bajo la<br \/>\ncanasta. Si despu\u00e9s de diecis\u00e9is a\u00f1os en al Alcald\u00eda, todo esto a\u00fan<br \/>\nsirve para captar votos, apaga y v\u00e1monos. Algo parecido puede decirse<br \/>\nde la foto que junto a Alex Ubago ha colgado en su blog el alcalde de<br \/>\nIrun, Jos\u00e9 Antonio Santano, quien mantiene tal actividad en su bit\u00e1cora<br \/>\nde DV que est\u00e1 poniendo al resto de los candidatos en la tesitura de<br \/>\npasar por perezosillos. Y eso que no hay uno que se salte una<br \/>\nentrevista sin manifestar su devoci\u00f3n por internet y su decidida<br \/>\napuesta por las nuevas tecnolog\u00edas.<\/p>\n<!-- AddThis Advanced Settings generic via filter on the_content --><!-- AddThis Share Buttons generic via filter on the_content -->","protected":false},"excerpt":{"rendered":"<p>Alberto Moyano Advierte Aznar de que \u00abcada voto que no vaya al PP ser\u00e1 para que ETA est\u00e9 en las instituciones\u00bb. Desde ese punto de vista y antes de que comiencen las ilegalizaciones masivo-preventivas, urge la creaci\u00f3n de ese partido que anuncian Fernando Savater y C\u00eda. De lo contrario, el modelo Lizartza, con una \u00fanica [&hellip;]<!-- AddThis Advanced Settings generic via filter on get_the_excerpt --><!-- AddThis Share Buttons generic via filter on get_the_excerpt --><\/p>\n","protected":false},"author":37,"featured_media":0,"comment_status":"open","ping_status":"closed","sticky":false,"template":"","format":"standard","meta":[],"categories":[2],"tags":[5],"_links":{"self":[{"href":"https:\/\/blogs.diariovasco.com\/eljukebox\/wp-json\/wp\/v2\/posts\/337"}],"collection":[{"href":"https:\/\/blogs.diariovasco.com\/eljukebox\/wp-json\/wp\/v2\/posts"}],"about":[{"href":"https:\/\/blogs.diariovasco.com\/eljukebox\/wp-json\/wp\/v2\/types\/post"}],"author":[{"embeddable":true,"href":"https:\/\/blogs.diariovasco.com\/eljukebox\/wp-json\/wp\/v2\/users\/37"}],"replies":[{"embeddable":true,"href":"https:\/\/blogs.diariovasco.com\/eljukebox\/wp-json\/wp\/v2\/comments?post=337"}],"version-history":[{"count":0,"href":"https:\/\/blogs.diariovasco.com\/eljukebox\/wp-json\/wp\/v2\/posts\/337\/revisions"}],"wp:attachment":[{"href":"https:\/\/blogs.diariovasco.com\/eljukebox\/wp-json\/wp\/v2\/media?parent=337"}],"wp:term":[{"taxonomy":"category","embeddable":true,"href":"https:\/\/blogs.diariovasco.com\/eljukebox\/wp-json\/wp\/v2\/categories?post=337"},{"taxonomy":"post_tag","embeddable":true,"href":"https:\/\/blogs.diariovasco.com\/eljukebox\/wp-json\/wp\/v2\/tags?post=337"}],"curies":[{"name":"wp","href":"https:\/\/api.w.org\/{rel}","templated":true}]}}