{"id":390,"date":"2007-09-05T19:28:32","date_gmt":"2007-09-05T19:28:32","guid":{"rendered":"http:\/\/blogs.diariovasco.com\/eljukebox\/?p=390"},"modified":"2007-09-05T19:28:32","modified_gmt":"2007-09-05T19:28:32","slug":"ese_mundo_de_las_respuestas_para_todo","status":"publish","type":"post","link":"https:\/\/blogs.diariovasco.com\/eljukebox\/2007\/09\/05\/ese_mundo_de_las_respuestas_para_todo\/","title":{"rendered":"Ese mundo de las respuestas para todo"},"content":{"rendered":"<p>Alberto Moyano<\/p>\n<p>Que el interiorismo es un terrorismo se sabe, al menos, desde que se<br \/>\nmostraron las fotograf\u00edas tomadas en la casa \u2013\u00bfo eran casas?\u2013 del<br \/>\n\u2018malayo\u2019 Roca. Sin embargo, parece evidente que las im\u00e1genes difundidas<br \/>\nhoy por televisiones y agencias del interior de la casa de Cahors en la<br \/>\nque fueron detenidos cuatro etarras sufren de descontextualizaci\u00f3n.<br \/>\nEfectivamente, la cocina no es exactamente una franquicia de Solbes, ni<br \/>\nel sal\u00f3n invita a entregarse a una sesi\u00f3n chill-out. Puede incluso que<br \/>\nalgunos de los objetos resulten dif\u00edcilmente identificables para los no<br \/>\niniciados en el manejo de explosivos y es verdad que el aspecto general<br \/>\ndel conjunto de la vivienda hace pensar que all\u00ed se produc\u00eda una<br \/>\ndeflagraci\u00f3n a diario. Sin embargo, el polvo negro que presentaban<br \/>\ntodas las manillas de puertas y ventanas corresponden a la toma de<br \/>\nhuellas dactilares y es que no hay que olvidar que la vivienda sale de<br \/>\nun registro policial intensivo de m\u00e1s de 48 horas. <br \/>\nTambi\u00e9n se han mostrado, entre CD, velas y revista de teleprograma, los<br \/>\nlibros de de los ocupantes de la casa: \u2018Esclavos del franquismo en el<br \/>\nPirineo\u2019 y \u2018La ruta del esqueleto\u2019, del chileno Ricardo E. Rodr\u00edguez. Y<br \/>\notro, en franc\u00e9s, de t\u00edtulo verdaderamente inquietante: \u2018Reponse a<br \/>\ntout\u2019. <br \/>\nY aqu\u00ed surge el misterior porque una exhaustiva b\u00fasqueda por internet,<br \/>\na trav\u00e9s de las p\u00e1ginas de fnac.fr primero, amazon.fr despu\u00e9s y google<br \/>\nfinalmente, ofrece un sorpredente recorrido por el mundo galo de la<br \/>\n\u2018respuesta para todo\u2019, pero ning\u00fan ejemplar de los hallados presenta su<br \/>\nportada. O sea que nos encontramos ante una pieza codiciada por los<br \/>\nbibli\u00f3filos o ante una falsificaci\u00f3n. O, bueno, tambi\u00e9n cabe que sea<br \/>\nuna desfasada edici\u00f3n de hace un porr\u00f3n de a\u00f1os, que ser\u00e1 lo m\u00e1s<br \/>\nprobable.<\/p>\n<!-- AddThis Advanced Settings generic via filter on the_content --><!-- AddThis Share Buttons generic via filter on the_content -->","protected":false},"excerpt":{"rendered":"<p>Alberto Moyano Que el interiorismo es un terrorismo se sabe, al menos, desde que se mostraron las fotograf\u00edas tomadas en la casa \u2013\u00bfo eran casas?\u2013 del \u2018malayo\u2019 Roca. Sin embargo, parece evidente que las im\u00e1genes difundidas hoy por televisiones y agencias del interior de la casa de Cahors en la que fueron detenidos cuatro etarras [&hellip;]<!-- AddThis Advanced Settings generic via filter on get_the_excerpt --><!-- AddThis Share Buttons generic via filter on get_the_excerpt --><\/p>\n","protected":false},"author":37,"featured_media":0,"comment_status":"open","ping_status":"closed","sticky":false,"template":"","format":"standard","meta":[],"categories":[2],"tags":[5],"_links":{"self":[{"href":"https:\/\/blogs.diariovasco.com\/eljukebox\/wp-json\/wp\/v2\/posts\/390"}],"collection":[{"href":"https:\/\/blogs.diariovasco.com\/eljukebox\/wp-json\/wp\/v2\/posts"}],"about":[{"href":"https:\/\/blogs.diariovasco.com\/eljukebox\/wp-json\/wp\/v2\/types\/post"}],"author":[{"embeddable":true,"href":"https:\/\/blogs.diariovasco.com\/eljukebox\/wp-json\/wp\/v2\/users\/37"}],"replies":[{"embeddable":true,"href":"https:\/\/blogs.diariovasco.com\/eljukebox\/wp-json\/wp\/v2\/comments?post=390"}],"version-history":[{"count":0,"href":"https:\/\/blogs.diariovasco.com\/eljukebox\/wp-json\/wp\/v2\/posts\/390\/revisions"}],"wp:attachment":[{"href":"https:\/\/blogs.diariovasco.com\/eljukebox\/wp-json\/wp\/v2\/media?parent=390"}],"wp:term":[{"taxonomy":"category","embeddable":true,"href":"https:\/\/blogs.diariovasco.com\/eljukebox\/wp-json\/wp\/v2\/categories?post=390"},{"taxonomy":"post_tag","embeddable":true,"href":"https:\/\/blogs.diariovasco.com\/eljukebox\/wp-json\/wp\/v2\/tags?post=390"}],"curies":[{"name":"wp","href":"https:\/\/api.w.org\/{rel}","templated":true}]}}