{"id":393,"date":"2007-09-10T16:04:47","date_gmt":"2007-09-10T16:04:47","guid":{"rendered":"http:\/\/blogs.diariovasco.com\/eljukebox\/?p=393"},"modified":"2007-09-10T16:04:47","modified_gmt":"2007-09-10T16:04:47","slug":"el_festival_va","status":"publish","type":"post","link":"https:\/\/blogs.diariovasco.com\/eljukebox\/2007\/09\/10\/el_festival_va\/","title":{"rendered":"El Festival va"},"content":{"rendered":"<p>Alberto Moyano<\/p>\n<p>A falta de conocer qui\u00e9n se llevar\u00e1 el Premio Max Factor al rostro m\u00e1s<br \/>\nbello del cine espa\u00f1ol, parece que las cartas del Zinemaldia est\u00e1n<br \/>\nsobre la mesa. El anuncio de que los dos Premios Donostia recaer\u00e1n este<br \/>\na\u00f1o en Richard Gere, en el papel de actor, y Liv Ullmann, en el papel<br \/>\nque el pasado a\u00f1o interpret\u00f3 Max Von Sydow, puso el viernes punto y<br \/>\nfinal al per\u00edodo de incertidumbres.<br \/>\nYa hay quien ha mostrado su inquietud por la ausencia de nombre<br \/>\nconsagrados \u2013a excepci\u00f3n de Cronenberg. Wayne Wang y alg\u00fan otro\u2013, en<br \/>\nuna Secci\u00f3n Oficial dominada por directores de corta trayectoria, pero<br \/>\nno hace falta hacer de la necesidad virtud para neutralizar este<br \/>\nargumento. De hecho, las mejores pel\u00edculas que han concursado por el<br \/>\nFestival en los \u00faltimos a\u00f1os (\u2018The Station Agent\u2019, \u2018Las tortugas<br \/>\ntambi\u00e9n vuelan\u2019, \u2018El aura\u2019&#8230;) ven\u00edan firmadas por directores m\u00e1s o<br \/>\nmenos novatos y, en todo caso, resultaron muy superiores a las<br \/>\npresentadas por otros cineastas de renombre (Woody Allen con \u2018Melinda y<br \/>\nMelinda\u2019 o John Sayles con \u2018Silver City\u2019, por citar un par)<br \/>\nOtra cosa es que la inestabilidad emocional del jurado, que nunca<br \/>\ntermina de tomarse su pastilla, d\u00e9 al traste con el invento para acabar<br \/>\nconfeccionando un palmar\u00e9s que, puesto en cartelera, desaparece de ella<br \/>\ncon la misma velocidad que lo hace de la memoria. En este sentido y<br \/>\nsabiendo que esa una decisi\u00f3n colectiva, cabe confiar en el buen gusto<br \/>\no y capacidad de persuasi\u00f3n de Paul Auster.<\/p>\n<p><\/p>\n<!-- AddThis Advanced Settings generic via filter on the_content --><!-- AddThis Share Buttons generic via filter on the_content -->","protected":false},"excerpt":{"rendered":"<p>Alberto Moyano A falta de conocer qui\u00e9n se llevar\u00e1 el Premio Max Factor al rostro m\u00e1s bello del cine espa\u00f1ol, parece que las cartas del Zinemaldia est\u00e1n sobre la mesa. El anuncio de que los dos Premios Donostia recaer\u00e1n este a\u00f1o en Richard Gere, en el papel de actor, y Liv Ullmann, en el papel [&hellip;]<!-- AddThis Advanced Settings generic via filter on get_the_excerpt --><!-- AddThis Share Buttons generic via filter on get_the_excerpt --><\/p>\n","protected":false},"author":37,"featured_media":0,"comment_status":"open","ping_status":"closed","sticky":false,"template":"","format":"standard","meta":[],"categories":[2],"tags":[5],"_links":{"self":[{"href":"https:\/\/blogs.diariovasco.com\/eljukebox\/wp-json\/wp\/v2\/posts\/393"}],"collection":[{"href":"https:\/\/blogs.diariovasco.com\/eljukebox\/wp-json\/wp\/v2\/posts"}],"about":[{"href":"https:\/\/blogs.diariovasco.com\/eljukebox\/wp-json\/wp\/v2\/types\/post"}],"author":[{"embeddable":true,"href":"https:\/\/blogs.diariovasco.com\/eljukebox\/wp-json\/wp\/v2\/users\/37"}],"replies":[{"embeddable":true,"href":"https:\/\/blogs.diariovasco.com\/eljukebox\/wp-json\/wp\/v2\/comments?post=393"}],"version-history":[{"count":0,"href":"https:\/\/blogs.diariovasco.com\/eljukebox\/wp-json\/wp\/v2\/posts\/393\/revisions"}],"wp:attachment":[{"href":"https:\/\/blogs.diariovasco.com\/eljukebox\/wp-json\/wp\/v2\/media?parent=393"}],"wp:term":[{"taxonomy":"category","embeddable":true,"href":"https:\/\/blogs.diariovasco.com\/eljukebox\/wp-json\/wp\/v2\/categories?post=393"},{"taxonomy":"post_tag","embeddable":true,"href":"https:\/\/blogs.diariovasco.com\/eljukebox\/wp-json\/wp\/v2\/tags?post=393"}],"curies":[{"name":"wp","href":"https:\/\/api.w.org\/{rel}","templated":true}]}}