{"id":394,"date":"2007-09-11T10:13:49","date_gmt":"2007-09-11T10:13:49","guid":{"rendered":"http:\/\/blogs.diariovasco.com\/eljukebox\/?p=394"},"modified":"2007-09-11T10:13:49","modified_gmt":"2007-09-11T10:13:49","slug":"el_sexto_11_s","status":"publish","type":"post","link":"https:\/\/blogs.diariovasco.com\/eljukebox\/2007\/09\/11\/el_sexto_11_s\/","title":{"rendered":"El sexto 11-S"},"content":{"rendered":"<p><P>Alberto Moyano<\/P><br \/>\n<P>En su extrema bondad, el pueblo hace todo lo posible por estar a la altura de las circunstancias y a la pregunta de si su vida cambi\u00f3 el 11-S de 2001 responde en un 70% (Antena 3) que s\u00ed, que mucho, sin perjuicio de que a continuaci\u00f3n los hechos pasen a desmentirlo. As\u00ed, interrogados sobre qu\u00e9 estaban haciendo en el momento del atentado, todos confiesan que, tal d\u00eda como hoy, hace seis a\u00f1os, a esa hora&nbsp;estaban ocupados en alguna actividad m\u00e1s o menos cotidiana que han continuado realizando exactamente igual tras aquel crucial momento: ir al trabajo, terminar de comer, volver de vacaciones&#8230; Puede que el 11-S&nbsp;cambiara su mundo, pero dej\u00f3 intactas sus vidas.<\/P><br \/>\n<P>Otro 11-S, hace 34 a\u00f1os,&nbsp;se llev\u00f3 por delante la democracia chilena. Ahora, con Pinochet ya muerto, su nombre vuelve a las portadas como actor de reparto en un sainete protagonizado por los padres de la ni\u00f1a Madeleine, que han contratado al abogado&nbsp;defensor del dictador en Gran Breta\u00f1a. Los padres de la ni\u00f1a desaparecida en Portugal han sido declarados &#8220;sospechosos&#8221;, una figura judicial que te\u00f3ricamente no existe en Espa\u00f1a, pero que en la pr\u00e1ctica se traduce en abucheos, insultos y amenazas del linchamiento cada vez que el sujeto en cuesti\u00f3n entra o sale de los juzgados, por parte de un grupo m\u00e1s o menos amplio de gente con gran disponibilidad de tiempo.<\/P><br \/>\n<P>Publican los tabloides brit\u00e1nicos que la Polic\u00eda lusa han encontrado ADN de Madeleine en el coche que los McCann alquilaron veinticinco d\u00edas despu\u00e9s de la desaparici\u00f3n y ese dato les contamina, por m\u00e1s que el culpable pueda ser el repelente peluche infantil que la madre arrastra consigo a todas partes. A ojos de la opini\u00f3n p\u00fablica, igual de contaminante pueden resultar los servicios del citado abogado, dados sus antecedentes. Sin embargo, hasta que no aparezca una Madeleine viva o muerta convendr\u00eda aplazar los linchamientos populares porque aqu\u00ed, como en otros casos, rige aquella ley de &#8220;mejor un culpable libre que un inocente condenado&#8221;.<\/P><\/p>\n<!-- AddThis Advanced Settings generic via filter on the_content --><!-- AddThis Share Buttons generic via filter on the_content -->","protected":false},"excerpt":{"rendered":"<p>Alberto Moyano En su extrema bondad, el pueblo hace todo lo posible por estar a la altura de las circunstancias y a la pregunta de si su vida cambi\u00f3 el 11-S de 2001 responde en un 70% (Antena 3) que s\u00ed, que mucho, sin perjuicio de que a continuaci\u00f3n los hechos pasen a desmentirlo. As\u00ed, [&hellip;]<!-- AddThis Advanced Settings generic via filter on get_the_excerpt --><!-- AddThis Share Buttons generic via filter on get_the_excerpt --><\/p>\n","protected":false},"author":37,"featured_media":0,"comment_status":"open","ping_status":"closed","sticky":false,"template":"","format":"standard","meta":[],"categories":[2],"tags":[5],"_links":{"self":[{"href":"https:\/\/blogs.diariovasco.com\/eljukebox\/wp-json\/wp\/v2\/posts\/394"}],"collection":[{"href":"https:\/\/blogs.diariovasco.com\/eljukebox\/wp-json\/wp\/v2\/posts"}],"about":[{"href":"https:\/\/blogs.diariovasco.com\/eljukebox\/wp-json\/wp\/v2\/types\/post"}],"author":[{"embeddable":true,"href":"https:\/\/blogs.diariovasco.com\/eljukebox\/wp-json\/wp\/v2\/users\/37"}],"replies":[{"embeddable":true,"href":"https:\/\/blogs.diariovasco.com\/eljukebox\/wp-json\/wp\/v2\/comments?post=394"}],"version-history":[{"count":0,"href":"https:\/\/blogs.diariovasco.com\/eljukebox\/wp-json\/wp\/v2\/posts\/394\/revisions"}],"wp:attachment":[{"href":"https:\/\/blogs.diariovasco.com\/eljukebox\/wp-json\/wp\/v2\/media?parent=394"}],"wp:term":[{"taxonomy":"category","embeddable":true,"href":"https:\/\/blogs.diariovasco.com\/eljukebox\/wp-json\/wp\/v2\/categories?post=394"},{"taxonomy":"post_tag","embeddable":true,"href":"https:\/\/blogs.diariovasco.com\/eljukebox\/wp-json\/wp\/v2\/tags?post=394"}],"curies":[{"name":"wp","href":"https:\/\/api.w.org\/{rel}","templated":true}]}}