{"id":396,"date":"2007-09-14T10:28:24","date_gmt":"2007-09-14T10:28:24","guid":{"rendered":"http:\/\/blogs.diariovasco.com\/eljukebox\/?p=396"},"modified":"2007-09-14T10:28:24","modified_gmt":"2007-09-14T10:28:24","slug":"todos_los_demonios_y_algunos_diablillos","status":"publish","type":"post","link":"https:\/\/blogs.diariovasco.com\/eljukebox\/2007\/09\/14\/todos_los_demonios_y_algunos_diablillos\/","title":{"rendered":"Todos los demonios y algunos diablillos"},"content":{"rendered":"<p>Alberto Moyano<\/p>\n<p>Una fatal conjunci\u00f3n de factores quiso que Eduardo Moreno Bergaretxe<br \/>\n\u2018Pertur\u2019 fuera un liquidacionista para una parte de sus compa\u00f1eros de<br \/>\nETA (pm) y un duro entre los duros para los servicios policiales. Su<br \/>\ndesaparici\u00f3n hace 31 a\u00f1os dio lugar a una secuencia pendular de teor\u00edas<br \/>\nque ha oscilado entre acusaciones a los aparatos del Estado, primero, y<br \/>\na sus compa\u00f1eros \u2018berezis\u2019, despu\u00e9s. <br \/>\nLa segunda opci\u00f3n, avalada por la propia la familia del interesado, se<br \/>\nha impuesto en sociedad durante d\u00e9cadas como la can\u00f3nica: un par de<br \/>\nindicios por aqu\u00ed, un antecedente en forma de \u2018arresto\u2019 por all\u00e1 han<br \/>\nservido para construir un relato cerrado sobre la desaparici\u00f3n. <br \/>\nSin embargo, la ausencia del cad\u00e1ver y de pista alguna para localizarlo<br \/>\nha conspirado a lo largo de todos estos a\u00f1os contra esta versi\u00f3n.<br \/>\nAdem\u00e1s, nadie ha explicado qu\u00e9 problemas de conciencia habr\u00edan impedido<br \/>\na ETA reivindicar la ejecuci\u00f3n del reo en calidad de traidor.<br \/>\nAhora, la historia se reabre de la mano del documental \u2018El a\u00f1o de todos<br \/>\nlos demonios\u2019, que se proyectar\u00e1 el pr\u00f3ximo d\u00eda 25 en el Kursaal dentro<br \/>\nde los Especiales Zabaltegi del Festival de Cine. En este trabajo, se<br \/>\napunta a neofascistas italianos al servicio de los servicios secretos<br \/>\nespa\u00f1oles como responsables del secuestro, torturas y asesinato de<br \/>\n\u2018Pertur\u2019. <br \/>\nEn medio de un avispero de intereses, la pel\u00edcula aporta una decena de<br \/>\ntestimonios, en su mayor\u00eda, de antiguos militantes de ETA (pm), una<br \/>\norganizaci\u00f3n formada por gente de gran bagage intelectual y de la que<br \/>\nsaldr\u00edan aut\u00e9nticos n\u00f3madas ideol\u00f3gicos impecablemente trajeados de<br \/>\ncoherencia personal por los cuatro costados.<br \/>\nLa pel\u00edcula aporta algunos testimonios, confesiones e indicios sobre la<br \/>\nsuerte que pudo correr Moreno Bergaretxe, pero sobre todo, ilustra perfectamente lo<br \/>\npl\u00fambea que puede llegar a ser la clandestinidad revolucionaria<br \/>\nconstruida a base de interminables debates, an\u00e1lisis objetivos,<br \/>\npropuestas audaces, reuniones sectoriales y conspiraciones<br \/>\nclarificadoras, superadas todas ellas por la acci\u00f3n pura y simple.<br \/>\n1976 fue, sin duda, el a\u00f1o de todos los demonios, pero cabe preguntarse: y desde entonces, \u00bfcu\u00e1l no lo ha sido?<\/p>\n<!-- AddThis Advanced Settings generic via filter on the_content --><!-- AddThis Share Buttons generic via filter on the_content -->","protected":false},"excerpt":{"rendered":"<p>Alberto Moyano Una fatal conjunci\u00f3n de factores quiso que Eduardo Moreno Bergaretxe \u2018Pertur\u2019 fuera un liquidacionista para una parte de sus compa\u00f1eros de ETA (pm) y un duro entre los duros para los servicios policiales. Su desaparici\u00f3n hace 31 a\u00f1os dio lugar a una secuencia pendular de teor\u00edas que ha oscilado entre acusaciones a los [&hellip;]<!-- AddThis Advanced Settings generic via filter on get_the_excerpt --><!-- AddThis Share Buttons generic via filter on get_the_excerpt --><\/p>\n","protected":false},"author":37,"featured_media":0,"comment_status":"open","ping_status":"closed","sticky":false,"template":"","format":"standard","meta":[],"categories":[2],"tags":[5],"_links":{"self":[{"href":"https:\/\/blogs.diariovasco.com\/eljukebox\/wp-json\/wp\/v2\/posts\/396"}],"collection":[{"href":"https:\/\/blogs.diariovasco.com\/eljukebox\/wp-json\/wp\/v2\/posts"}],"about":[{"href":"https:\/\/blogs.diariovasco.com\/eljukebox\/wp-json\/wp\/v2\/types\/post"}],"author":[{"embeddable":true,"href":"https:\/\/blogs.diariovasco.com\/eljukebox\/wp-json\/wp\/v2\/users\/37"}],"replies":[{"embeddable":true,"href":"https:\/\/blogs.diariovasco.com\/eljukebox\/wp-json\/wp\/v2\/comments?post=396"}],"version-history":[{"count":0,"href":"https:\/\/blogs.diariovasco.com\/eljukebox\/wp-json\/wp\/v2\/posts\/396\/revisions"}],"wp:attachment":[{"href":"https:\/\/blogs.diariovasco.com\/eljukebox\/wp-json\/wp\/v2\/media?parent=396"}],"wp:term":[{"taxonomy":"category","embeddable":true,"href":"https:\/\/blogs.diariovasco.com\/eljukebox\/wp-json\/wp\/v2\/categories?post=396"},{"taxonomy":"post_tag","embeddable":true,"href":"https:\/\/blogs.diariovasco.com\/eljukebox\/wp-json\/wp\/v2\/tags?post=396"}],"curies":[{"name":"wp","href":"https:\/\/api.w.org\/{rel}","templated":true}]}}