{"id":418,"date":"2007-11-14T20:07:59","date_gmt":"2007-11-14T20:07:59","guid":{"rendered":"http:\/\/blogs.diariovasco.com\/eljukebox\/?p=418"},"modified":"2007-11-14T20:07:59","modified_gmt":"2007-11-14T20:07:59","slug":"ipor_que_no_te_piras","status":"publish","type":"post","link":"https:\/\/blogs.diariovasco.com\/eljukebox\/2007\/11\/14\/ipor_que_no_te_piras\/","title":{"rendered":"\u00bfPor qu\u00e9 no te piras?"},"content":{"rendered":"<p><P>Alberto Moyano<\/P><br \/>\n<P>El hecho de que Don Juan Carlos de Borb\u00f3n, vestido de militar, salvara a Espa\u00f1a de s\u00ed misma hace veintis\u00e9is a\u00f1os no debe servir para ocultar por m\u00e1s tiempo que entre los miembros de su familia figuran algunos &#8216;frikis&#8217; de libro. <\/P><br \/>\n<P>Se ignora si ha tenido que desempolvar el uniforme para respaldar a su hija mayor en el momento de dar puerta a su -por el momento-&nbsp;marido. En una especie de text\u00edculo perpetrado en una prosa directamente inspirada en la de los comunicados-tregua, la Casa Real anuncia &#8220;el cese temporal&#8221; de la convivencia de los duques de Lugo. <\/P><br \/>\n<P>Los tertulianos, por el contrario, mantienen todos los frentes abiertos. La noticia ha servido para desatar la inquina contra el renqueante duque, calificado velada pero reiteradamente de vago en las \u00faltimas horas. Peor ser\u00eda lo contrario. La historia de las mejores coronas demuestra que la omisi\u00f3n es menos da\u00f1ina que la acci\u00f3n.&nbsp;Que la citada indolencia corra a cuenta de los Presupuestos del Estado s\u00f3lo es atribuible a las imperfecciones propias del sistema.<\/P><br \/>\n<P>Sorprende, en todo caso, que los mismos que dedican horas y horas durante largas semanas a cubrir los enlaces, nacimientos y bautizos&nbsp;en la Familia Real -y a retransmitirlos todos ellos en riguroso directo- debatan ahora con cara de tontos sobre si \u00e9ste es un asunto p\u00fablico y privado. Y de paso, confirman que igual que los 3.000 euros de multa a los dibujantes de &#8216;El Jueves&#8217; son la traducci\u00f3n del &#8216;\u00bfpor qu\u00e9 no te callas?&#8217; al lenguaje judicial, el cortesanismo viene a ser republicanismo por otros medios.<\/P><br \/>\n<P>&nbsp; As\u00ed, si alguien relacionado con la insigne familia sufre un ictus, se suicida o se separa no hay que esperar mucho para que los palmeros saluden la noticia como una prueba m\u00e1s de que los miembros de la Familia Real son como el resto de los espa\u00f1oles, llegando los m\u00e1s osados a proclamar que se demuestran que tambi\u00e9n son humanos.<\/P><br \/>\n<P>Una l\u00f3gica peligrosa por cuanto esa espiral podr\u00edamos conducirnos a lugares inc\u00f3modos y a conclusiones de dif\u00edcil encaje en la Constituci\u00f3n, dado el pa\u00eds tan raro en el que habitamos y en el que, como demuestra el peri\u00f3dico cada d\u00eda, hay gente para todo.<\/P><\/p>\n<!-- AddThis Advanced Settings generic via filter on the_content --><!-- AddThis Share Buttons generic via filter on the_content -->","protected":false},"excerpt":{"rendered":"<p>Alberto Moyano El hecho de que Don Juan Carlos de Borb\u00f3n, vestido de militar, salvara a Espa\u00f1a de s\u00ed misma hace veintis\u00e9is a\u00f1os no debe servir para ocultar por m\u00e1s tiempo que entre los miembros de su familia figuran algunos &#8216;frikis&#8217; de libro. Se ignora si ha tenido que desempolvar el uniforme para respaldar a [&hellip;]<!-- AddThis Advanced Settings generic via filter on get_the_excerpt --><!-- AddThis Share Buttons generic via filter on get_the_excerpt --><\/p>\n","protected":false},"author":37,"featured_media":0,"comment_status":"open","ping_status":"closed","sticky":false,"template":"","format":"standard","meta":[],"categories":[2],"tags":[5],"_links":{"self":[{"href":"https:\/\/blogs.diariovasco.com\/eljukebox\/wp-json\/wp\/v2\/posts\/418"}],"collection":[{"href":"https:\/\/blogs.diariovasco.com\/eljukebox\/wp-json\/wp\/v2\/posts"}],"about":[{"href":"https:\/\/blogs.diariovasco.com\/eljukebox\/wp-json\/wp\/v2\/types\/post"}],"author":[{"embeddable":true,"href":"https:\/\/blogs.diariovasco.com\/eljukebox\/wp-json\/wp\/v2\/users\/37"}],"replies":[{"embeddable":true,"href":"https:\/\/blogs.diariovasco.com\/eljukebox\/wp-json\/wp\/v2\/comments?post=418"}],"version-history":[{"count":0,"href":"https:\/\/blogs.diariovasco.com\/eljukebox\/wp-json\/wp\/v2\/posts\/418\/revisions"}],"wp:attachment":[{"href":"https:\/\/blogs.diariovasco.com\/eljukebox\/wp-json\/wp\/v2\/media?parent=418"}],"wp:term":[{"taxonomy":"category","embeddable":true,"href":"https:\/\/blogs.diariovasco.com\/eljukebox\/wp-json\/wp\/v2\/categories?post=418"},{"taxonomy":"post_tag","embeddable":true,"href":"https:\/\/blogs.diariovasco.com\/eljukebox\/wp-json\/wp\/v2\/tags?post=418"}],"curies":[{"name":"wp","href":"https:\/\/api.w.org\/{rel}","templated":true}]}}