{"id":423,"date":"2007-11-22T11:43:07","date_gmt":"2007-11-22T11:43:07","guid":{"rendered":"http:\/\/blogs.diariovasco.com\/eljukebox\/?p=423"},"modified":"2007-11-22T11:43:07","modified_gmt":"2007-11-22T11:43:07","slug":"un_tranvia_llamado_problema","status":"publish","type":"post","link":"https:\/\/blogs.diariovasco.com\/eljukebox\/2007\/11\/22\/un_tranvia_llamado_problema\/","title":{"rendered":"Un tranv\u00eda llamado problema"},"content":{"rendered":"<p>Alberto Moyano<\/p>\n<p>La implantaci\u00f3n de un par de l\u00edneas de tranv\u00eda en San Sebasti\u00e1n a un<br \/>\ncoste presuntamente disparatado constituye una ins\u00f3lita historia: el<br \/>\nGobierno Vasco promete una inversi\u00f3n multimillonaria y el Ayuntamiento<br \/>\nse resiste, apoy\u00e1ndose en sus informees.<br \/>\nEl debate de \u2018Barra libre\u2019 que anoche abord\u00f3 el tema en Teledonosti<br \/>\nsalpic\u00f3 al resto de modelos de transporte p\u00fablico e incluso al<br \/>\nrenqueante modelo de transporte en bicileta. Los veintisiete millones<br \/>\nde usuarios que registr\u00f3 el pasado a\u00f1o la Compa\u00f1\u00eda del Tranv\u00eda<br \/>\ndonostiarra fue esgrimida por los partidarios del tranv\u00eda como<br \/>\ndemostraci\u00f3n del estancamiento de cifras en lo referente al transporte<br \/>\np\u00fablico, por cuanto la cifra coincide con alcanzada hace sesenta a\u00f1os<br \/>\npor las doce l\u00edneas existentes por aquel entonces. En contradicci\u00f3n con<br \/>\nlo anterior, tambi\u00e9n se reproch\u00f3 a la CTSS su propio \u00e9xito: si el<br \/>\nautob\u00fas va abarrotado resulta poco apetecible; si lleva poca gente,es<br \/>\nporque el modelo ha fracasado y es deficitario. Un laberinto sin fin.<br \/>\nSin embargo, los cerca de 270 millones de euros que costar\u00eda implantar<br \/>\nquince kil\u00f3metros de tranv\u00eda en dos l\u00edneas que ir\u00edan de Loiola al<br \/>\nBoulevard y de Gros a Errotaburu arrojan un dividendo mareante por<br \/>\nkil\u00f3metro. Los datos decantan algunas opiniones hacia otros proyectos.<br \/>\nPor ejemplo, algunos se preguntan hasta qu\u00e9 punto se disparar\u00eda el uso<br \/>\nde un servicio de autobuses reforzado \u2018ad infinitum\u2019 por esas<br \/>\ndescomunales partidas presupuestarias.<br \/>\nPor otra parte, se mira y no se ve por d\u00f3nde iba a circular un tranv\u00eda<br \/>\nde tres o m\u00e1s vagones dadas las dimensiones de las calles donostiarra,<br \/>\nya saturadas por tr\u00e1fico de todo tipo de ingenios rodantes, tren txu<br \/>\ntxu incluido. Y es que si el ratio de usuarios de autob\u00fas en Donostia<br \/>\nbate r\u00e9cords, la sensaci\u00f3n es que el recurso al veh\u00edculo privado<br \/>\ntambi\u00e9n lo hace, m\u00e1s all\u00e1 de que, efectivamente, las cifras no cuadran.<br \/>\n<br \/>\nEl debate puso tambi\u00e9n sobre la mesa la utilidad de un servicio cuyo<br \/>\nalcance se cuestionar\u00eda en funci\u00f3n de la posibilidad de que alcanzar<br \/>\nlos barrios altos de la ciudad, un punto espinoso ya que si bien es<br \/>\ncierto que el tranv\u00eda podr\u00eda salvar los porcentajes de inclinaci\u00f3n,<br \/>\nresulta m\u00e1s complicado que pudiera hacerlo en el actual trazado,<br \/>\nplagado de curvas cerradas.<\/p>\n<p><\/p>\n<!-- AddThis Advanced Settings generic via filter on the_content --><!-- AddThis Share Buttons generic via filter on the_content -->","protected":false},"excerpt":{"rendered":"<p>Alberto Moyano La implantaci\u00f3n de un par de l\u00edneas de tranv\u00eda en San Sebasti\u00e1n a un coste presuntamente disparatado constituye una ins\u00f3lita historia: el Gobierno Vasco promete una inversi\u00f3n multimillonaria y el Ayuntamiento se resiste, apoy\u00e1ndose en sus informees. El debate de \u2018Barra libre\u2019 que anoche abord\u00f3 el tema en Teledonosti salpic\u00f3 al resto de [&hellip;]<!-- AddThis Advanced Settings generic via filter on get_the_excerpt --><!-- AddThis Share Buttons generic via filter on get_the_excerpt --><\/p>\n","protected":false},"author":37,"featured_media":0,"comment_status":"open","ping_status":"closed","sticky":false,"template":"","format":"standard","meta":[],"categories":[2],"tags":[5],"_links":{"self":[{"href":"https:\/\/blogs.diariovasco.com\/eljukebox\/wp-json\/wp\/v2\/posts\/423"}],"collection":[{"href":"https:\/\/blogs.diariovasco.com\/eljukebox\/wp-json\/wp\/v2\/posts"}],"about":[{"href":"https:\/\/blogs.diariovasco.com\/eljukebox\/wp-json\/wp\/v2\/types\/post"}],"author":[{"embeddable":true,"href":"https:\/\/blogs.diariovasco.com\/eljukebox\/wp-json\/wp\/v2\/users\/37"}],"replies":[{"embeddable":true,"href":"https:\/\/blogs.diariovasco.com\/eljukebox\/wp-json\/wp\/v2\/comments?post=423"}],"version-history":[{"count":0,"href":"https:\/\/blogs.diariovasco.com\/eljukebox\/wp-json\/wp\/v2\/posts\/423\/revisions"}],"wp:attachment":[{"href":"https:\/\/blogs.diariovasco.com\/eljukebox\/wp-json\/wp\/v2\/media?parent=423"}],"wp:term":[{"taxonomy":"category","embeddable":true,"href":"https:\/\/blogs.diariovasco.com\/eljukebox\/wp-json\/wp\/v2\/categories?post=423"},{"taxonomy":"post_tag","embeddable":true,"href":"https:\/\/blogs.diariovasco.com\/eljukebox\/wp-json\/wp\/v2\/tags?post=423"}],"curies":[{"name":"wp","href":"https:\/\/api.w.org\/{rel}","templated":true}]}}