{"id":433,"date":"2007-12-09T12:44:34","date_gmt":"2007-12-09T12:44:34","guid":{"rendered":"http:\/\/blogs.diariovasco.com\/eljukebox\/?p=433"},"modified":"2007-12-09T12:44:34","modified_gmt":"2007-12-09T12:44:34","slug":"radioterapia","status":"publish","type":"post","link":"https:\/\/blogs.diariovasco.com\/eljukebox\/2007\/12\/09\/radioterapia\/","title":{"rendered":"Radioterapia"},"content":{"rendered":"<p><P>Alberto Moyano<\/P><br \/>\n<P>\u00bfHa llegado el momento de alimentar a las fieras a base de menestra de verduras? El obispo de San Sebasti\u00e1n, Juan Mar\u00eda Uriarte, cree que s\u00ed, a juzgar por su carta pastoral de Adviento, en la que muestra&nbsp;un cierto desasosiego a causa de la &#8220;animosidad, iron\u00eda mordaz, sectarismo&#8221; que, al parecer, destilan algunos programas de la emisora episcopal.<\/P><br \/>\n<P>La cuesti\u00f3n, sin embargo, no radica en lo que dicen o no los conductores de dichos espacios, alguno de los cuales incluso se confiesa no creyente, sino en la elecci\u00f3n que muchos cat\u00f3licos realizan cada ma\u00f1ana al sintonizar la santa emisora. Al fin y al cabo, resulta leg\u00edtimo preguntarse si asegurar que el &#8216;ABC&#8217; es un peri\u00f3dico comunista o que un etarra ocupar\u00e1 el cargo de ministro de Interior en el caso de que Zapatero gane las elecciones es una cr\u00edtica pol\u00edtica o, lisa y llanamente,&nbsp;un pecado de falsedad.<\/P><br \/>\n<P>Probablemente, Uriarte se quede s\u00f3lo en su llamada al orden ya que parece obvio que a la Conferencia Episcopal y a la mayor\u00eda de los cat\u00f3licos&nbsp;se identifican con la Cope, mientras que tambi\u00e9n es probable que, ya&nbsp;puestos, los no cat\u00f3licos prefieran que los disparatados locutores lancen sus venenos desde los micr\u00f3fonos de los obispos antes que desde los de cualquier otra emisora, al entender que \u00e9sa es una forma, tan buena&nbsp;como cualquier otra,&nbsp;de trabajar para el enemigo.<\/P><br \/>\n<P>&nbsp;<\/P><\/p>\n<!-- AddThis Advanced Settings generic via filter on the_content --><!-- AddThis Share Buttons generic via filter on the_content -->","protected":false},"excerpt":{"rendered":"<p>Alberto Moyano \u00bfHa llegado el momento de alimentar a las fieras a base de menestra de verduras? El obispo de San Sebasti\u00e1n, Juan Mar\u00eda Uriarte, cree que s\u00ed, a juzgar por su carta pastoral de Adviento, en la que muestra&nbsp;un cierto desasosiego a causa de la &#8220;animosidad, iron\u00eda mordaz, sectarismo&#8221; que, al parecer, destilan algunos [&hellip;]<!-- AddThis Advanced Settings generic via filter on get_the_excerpt --><!-- AddThis Share Buttons generic via filter on get_the_excerpt --><\/p>\n","protected":false},"author":37,"featured_media":0,"comment_status":"open","ping_status":"closed","sticky":false,"template":"","format":"standard","meta":[],"categories":[2],"tags":[5],"_links":{"self":[{"href":"https:\/\/blogs.diariovasco.com\/eljukebox\/wp-json\/wp\/v2\/posts\/433"}],"collection":[{"href":"https:\/\/blogs.diariovasco.com\/eljukebox\/wp-json\/wp\/v2\/posts"}],"about":[{"href":"https:\/\/blogs.diariovasco.com\/eljukebox\/wp-json\/wp\/v2\/types\/post"}],"author":[{"embeddable":true,"href":"https:\/\/blogs.diariovasco.com\/eljukebox\/wp-json\/wp\/v2\/users\/37"}],"replies":[{"embeddable":true,"href":"https:\/\/blogs.diariovasco.com\/eljukebox\/wp-json\/wp\/v2\/comments?post=433"}],"version-history":[{"count":0,"href":"https:\/\/blogs.diariovasco.com\/eljukebox\/wp-json\/wp\/v2\/posts\/433\/revisions"}],"wp:attachment":[{"href":"https:\/\/blogs.diariovasco.com\/eljukebox\/wp-json\/wp\/v2\/media?parent=433"}],"wp:term":[{"taxonomy":"category","embeddable":true,"href":"https:\/\/blogs.diariovasco.com\/eljukebox\/wp-json\/wp\/v2\/categories?post=433"},{"taxonomy":"post_tag","embeddable":true,"href":"https:\/\/blogs.diariovasco.com\/eljukebox\/wp-json\/wp\/v2\/tags?post=433"}],"curies":[{"name":"wp","href":"https:\/\/api.w.org\/{rel}","templated":true}]}}