{"id":434,"date":"2007-12-10T15:56:33","date_gmt":"2007-12-10T15:56:33","guid":{"rendered":"http:\/\/blogs.diariovasco.com\/eljukebox\/?p=434"},"modified":"2007-12-10T15:56:33","modified_gmt":"2007-12-10T15:56:33","slug":"se_compra_pobre_con_jardin","status":"publish","type":"post","link":"https:\/\/blogs.diariovasco.com\/eljukebox\/2007\/12\/10\/se_compra_pobre_con_jardin\/","title":{"rendered":"Se compra pobre con jard\u00edn"},"content":{"rendered":"<p>Alberto Moyano<\/p>\n<p>Los pa\u00edses emergentes (\u00bf?) han planteado en la Cumbre del Clima<br \/>\ncelebrada en Bali la exigencia de cobrar a cambio de no talar sus<br \/>\nbosques. No est\u00e1 claro si lo que quieren es dinero o derechos de<br \/>\nemisi\u00f3n, pero sea como sea, urge aceptar la propuesta.<br \/>\nDe los cuatro pecados hist\u00f3ricos sobre los que se levanta el desarrollo<br \/>\necon\u00f3mico occidental \u2013el colonialismo, la esclavitud, el espolio y la<br \/>\ndepredaci\u00f3n medioambiental\u2013, se puede evitar que los pa\u00edses en<br \/>\ndesarrollo incurran en los tres primeros&nbsp; a base de amenazas, pero<br \/>\npara salvarles del cuarto habr\u00e1 que echar mano de viejas estrategias<br \/>\ncomo la del chantaje\/soborno. <br \/>\nPagar, no por reforestar, sino por mantener los bosques ya existentes,<br \/>\npuede parecer una propuesta c\u00ednica pero en \u00faltima instancia se soporta<br \/>\nsobre la misma l\u00f3gica que lleva a algunos aficionados a contratar a un<br \/>\nindigente para que le guarde la cola para las entradas de U2. En el<br \/>\nterreno de lo cotidiano, contamos con casos de aplicaci\u00f3n pr\u00e1ctica,<br \/>\ncomo aquel ciudadano rumano que se peg\u00f3 fuego a s\u00ed mismo para protestar<br \/>\npor el enga\u00f1o que hab\u00eda sufrido a manos de un empresario sin<br \/>\nescr\u00fapulos, valga la redundancia.<br \/>\nPasamos del \u00absiente a un pobre a su mesa\u00bb al \u00abtoma dos duros y que no<br \/>\nte vuelva a ver por aqu\u00ed\u00bb. La estrategia abre de par en par las puertas<br \/>\na futuros intercambios que auguran la prosperidad: te pago para que no<br \/>\nimportes frigor\u00edficos contaminantes, para que no aumentes el parque<br \/>\nautomovil\u00edstico, ni \u2013llegado el caso\u2013 instales iluminaci\u00f3n navide\u00f1a en<br \/>\nlas ciudades.<br \/>\nEl \u00fanico punto d\u00e9bil de este, por lo dem\u00e1s, plan perfecto estriba en<br \/>\nconseguir que los pa\u00edses sobornados se mantengan en un estado m\u00e1s o<br \/>\nmenos agudo de necesidad porque lo contrario podr\u00eda disparar las<br \/>\ntarifas, haciendo inviable el negocio.<\/p>\n<p><\/p>\n<!-- AddThis Advanced Settings generic via filter on the_content --><!-- AddThis Share Buttons generic via filter on the_content -->","protected":false},"excerpt":{"rendered":"<p>Alberto Moyano Los pa\u00edses emergentes (\u00bf?) han planteado en la Cumbre del Clima celebrada en Bali la exigencia de cobrar a cambio de no talar sus bosques. No est\u00e1 claro si lo que quieren es dinero o derechos de emisi\u00f3n, pero sea como sea, urge aceptar la propuesta. De los cuatro pecados hist\u00f3ricos sobre los [&hellip;]<!-- AddThis Advanced Settings generic via filter on get_the_excerpt --><!-- AddThis Share Buttons generic via filter on get_the_excerpt --><\/p>\n","protected":false},"author":37,"featured_media":0,"comment_status":"open","ping_status":"closed","sticky":false,"template":"","format":"standard","meta":[],"categories":[2],"tags":[5],"_links":{"self":[{"href":"https:\/\/blogs.diariovasco.com\/eljukebox\/wp-json\/wp\/v2\/posts\/434"}],"collection":[{"href":"https:\/\/blogs.diariovasco.com\/eljukebox\/wp-json\/wp\/v2\/posts"}],"about":[{"href":"https:\/\/blogs.diariovasco.com\/eljukebox\/wp-json\/wp\/v2\/types\/post"}],"author":[{"embeddable":true,"href":"https:\/\/blogs.diariovasco.com\/eljukebox\/wp-json\/wp\/v2\/users\/37"}],"replies":[{"embeddable":true,"href":"https:\/\/blogs.diariovasco.com\/eljukebox\/wp-json\/wp\/v2\/comments?post=434"}],"version-history":[{"count":0,"href":"https:\/\/blogs.diariovasco.com\/eljukebox\/wp-json\/wp\/v2\/posts\/434\/revisions"}],"wp:attachment":[{"href":"https:\/\/blogs.diariovasco.com\/eljukebox\/wp-json\/wp\/v2\/media?parent=434"}],"wp:term":[{"taxonomy":"category","embeddable":true,"href":"https:\/\/blogs.diariovasco.com\/eljukebox\/wp-json\/wp\/v2\/categories?post=434"},{"taxonomy":"post_tag","embeddable":true,"href":"https:\/\/blogs.diariovasco.com\/eljukebox\/wp-json\/wp\/v2\/tags?post=434"}],"curies":[{"name":"wp","href":"https:\/\/api.w.org\/{rel}","templated":true}]}}