{"id":442,"date":"2007-12-20T12:30:45","date_gmt":"2007-12-20T12:30:45","guid":{"rendered":"http:\/\/blogs.diariovasco.com\/eljukebox\/?p=442"},"modified":"2007-12-20T12:30:45","modified_gmt":"2007-12-20T12:30:45","slug":"cambio_boletos_para_la_cerda_por_entrada","status":"publish","type":"post","link":"https:\/\/blogs.diariovasco.com\/eljukebox\/2007\/12\/20\/cambio_boletos_para_la_cerda_por_entrada\/","title":{"rendered":"Cambio boletos para la cerda por entradas para Springsteen"},"content":{"rendered":"<p>Alberto Moyano<\/p>\n<p>La puesta a la venta ma\u00f1ana a las 10 horas de las entradas para el<br \/>\nconcierto de Bruce Springsteen el 15-J en Donostia desatar\u00e1 esta<br \/>\nnoche&nbsp; las primeras colas, concentradas probablemente frente a la<br \/>\nFnac ante las bajas de Carrefour y Bilintx, esta \u00faltima, ante la<br \/>\nposibilidad de que los compradores bloqueen la calle Ferm\u00edn Calbet\u00f3n en<br \/>\nplena jornada santotomasera. As\u00ed, la cola nocturna se prev\u00e9 tan larga<br \/>\nque, convenientemente ataviados de rojo sus integrantes, podr\u00eda emular<br \/>\nlas mejores performances de una Maider L\u00f3pez, por decir un nombre. <br \/>\nY sin \u00e1nimo de dar ideas, es dif\u00edcil reprimir la imaginaci\u00f3n y<br \/>\nsustraerse al c\u00e1lculo de cu\u00e1nto se llevar\u00eda una banda \u2013de delincuentes,<br \/>\npor supuesto\u2013 convenientemente organizada si se pasara por la&nbsp;<br \/>\nnutrida cola a \u00faltima hora de la madrugada para recaudar, mediante<br \/>\ncoacci\u00f3n y dios sabe qu\u00e9 otros procedimientos infames, el dinero que<br \/>\nlos pacientes compradores llevar\u00e1n en esos momentos encima, dado que el<br \/>\npago ha de realizarse en met\u00e1lico.<br \/>\nY por seguir con las actividades econ\u00f3micas curiosas, recordar que la<br \/>\nimplantaci\u00f3n extensiva de los \u00faltimos adelantos inform\u00e1ticos en materia<br \/>\nde&nbsp; venta de entradas para espect\u00e1culos conlleva dos fen\u00f3menos<br \/>\ncuriosos: las colas son m\u00e1s largas que nunca y la venta anticipada ha<br \/>\npasado de ser m\u00e1s barata a ser m\u00e1s cara.<br \/>\nLa culpa la tienen, por un lado, la desconfianza at\u00e1vica de los<br \/>\nusuarios hacia las nuevas tecnolog\u00edas en cuestiones relevantes&nbsp;<br \/>\n\u2013desconfianza sustentada en una larga experiencia en materia de webs<br \/>\nbloqueadas y en tel\u00e9fonos comunicando\u2013 y por otro, los gastos de<br \/>\ndistribuci\u00f3n, un ingenio mec\u00e1nico que permite a sus inventores<br \/>\nembolsarses unos millones de nada a cambio de algo, seguramente<br \/>\nimprescindible, aunque dif\u00edcil de definir. Ya lo cantaba el Boss:<br \/>\n\u2018Lucky Town\u2019, s\u00ed, pero tambi\u00e9n \u2018The price you pay\u2019.<\/p>\n<p><\/p>\n<!-- AddThis Advanced Settings generic via filter on the_content --><!-- AddThis Share Buttons generic via filter on the_content -->","protected":false},"excerpt":{"rendered":"<p>Alberto Moyano La puesta a la venta ma\u00f1ana a las 10 horas de las entradas para el concierto de Bruce Springsteen el 15-J en Donostia desatar\u00e1 esta noche&nbsp; las primeras colas, concentradas probablemente frente a la Fnac ante las bajas de Carrefour y Bilintx, esta \u00faltima, ante la posibilidad de que los compradores bloqueen la [&hellip;]<!-- AddThis Advanced Settings generic via filter on get_the_excerpt --><!-- AddThis Share Buttons generic via filter on get_the_excerpt --><\/p>\n","protected":false},"author":37,"featured_media":0,"comment_status":"open","ping_status":"closed","sticky":false,"template":"","format":"standard","meta":[],"categories":[2],"tags":[5],"_links":{"self":[{"href":"https:\/\/blogs.diariovasco.com\/eljukebox\/wp-json\/wp\/v2\/posts\/442"}],"collection":[{"href":"https:\/\/blogs.diariovasco.com\/eljukebox\/wp-json\/wp\/v2\/posts"}],"about":[{"href":"https:\/\/blogs.diariovasco.com\/eljukebox\/wp-json\/wp\/v2\/types\/post"}],"author":[{"embeddable":true,"href":"https:\/\/blogs.diariovasco.com\/eljukebox\/wp-json\/wp\/v2\/users\/37"}],"replies":[{"embeddable":true,"href":"https:\/\/blogs.diariovasco.com\/eljukebox\/wp-json\/wp\/v2\/comments?post=442"}],"version-history":[{"count":0,"href":"https:\/\/blogs.diariovasco.com\/eljukebox\/wp-json\/wp\/v2\/posts\/442\/revisions"}],"wp:attachment":[{"href":"https:\/\/blogs.diariovasco.com\/eljukebox\/wp-json\/wp\/v2\/media?parent=442"}],"wp:term":[{"taxonomy":"category","embeddable":true,"href":"https:\/\/blogs.diariovasco.com\/eljukebox\/wp-json\/wp\/v2\/categories?post=442"},{"taxonomy":"post_tag","embeddable":true,"href":"https:\/\/blogs.diariovasco.com\/eljukebox\/wp-json\/wp\/v2\/tags?post=442"}],"curies":[{"name":"wp","href":"https:\/\/api.w.org\/{rel}","templated":true}]}}