{"id":457,"date":"2008-01-11T10:36:03","date_gmt":"2008-01-11T10:36:03","guid":{"rendered":"http:\/\/blogs.diariovasco.com\/eljukebox\/?p=457"},"modified":"2008-01-11T10:36:03","modified_gmt":"2008-01-11T10:36:03","slug":"buenos_dias_familia","status":"publish","type":"post","link":"https:\/\/blogs.diariovasco.com\/eljukebox\/2008\/01\/11\/buenos_dias_familia\/","title":{"rendered":"Buenos d\u00edas, familia"},"content":{"rendered":"<p>Alberto Moyano<\/p>\n<p>\u00abRajoy anuncia la creaci\u00f3n de un ministerio de la familia y promete que<br \/>\ngobernar\u00e1 para las personas\u00bb, rezan los titulares de la prensa de hoy.<br \/>\nNo vale la pena entrar a dilucidar si ambos enunciados son<br \/>\ncontradictorios, pero una primera lectura de la apuesta de Mariano<br \/>\nevidencia&nbsp; el firme empe\u00f1o que este hombre ha puesto en conquistar<br \/>\nel voto del clero, cuyos miembros son, como se sabe, los \u00fanicos<br \/>\nciudadanos que han jurado no crear familia alguna.<br \/>\nQue sepa desde ya el l\u00edder popular que en este proyecto cuenta con el<br \/>\ntotal apoyo del presidente Sarkozy, cuya rutilante vida sentimental le<br \/>\nha permitido fundar varias y lo que te rondar\u00e9 morena. Por otra parte,<br \/>\nse ignora si la idea pretende cortar de ra\u00edz el varias veces anunciado<br \/>\ndivorcio del matrimonio Aznar, aunque tampoco parece que vaya a ir m\u00e1s<br \/>\nall\u00e1.<br \/>\nA juzgar por lo poco que se ha adelantado sobre el proyecto, este<br \/>\nministerio podr\u00eda alcanzar grados de indolencia desconocidos hasta el<br \/>\nmomento, como si estuviera hecho a imagen y semejanza de su ide\u00f3logo.<br \/>\nEl propio Rajoy ha declarado que no modificar\u00e1 la ley del divorcio<br \/>\nexpress, ni la del abordo, ni la del matrimonio homosexual. En este<br \/>\n\u00faltimo caso, s\u00f3lo cambiar\u00e1 su denominaci\u00f3n por la de uniones de hecho.<br \/>\nMuy en su l\u00ednea, el candidato del PP no resuelve el problema, sino que<br \/>\ntan s\u00f3lo lo desplaza ya que los heterosexuales que se han acogido a<br \/>\nesta f\u00f3rmula de convivencia tambi\u00e9n podr\u00edan protestar y exigir que se<br \/>\naplique otro nombre.<br \/>\nMientras, el gobierno y el partido que lo sustentan cambian de<br \/>\nestrategia: visto que las pol\u00edticas de apaciguamiento con la Iglesia<br \/>\ncat\u00f3lica no han dado el resultado apetecible, la cuesti\u00f3n ahora es que<br \/>\nel ciudadano visualice un enfrentamiento con la c\u00fapula cat\u00f3lica, en la<br \/>\nesperanza de que tambi\u00e9n esta v\u00eda pueda reportarle apoyo electoral. En<br \/>\nresumen: \u00a1Qu\u00e9 cruz!<\/p>\n<!-- AddThis Advanced Settings generic via filter on the_content --><!-- AddThis Share Buttons generic via filter on the_content -->","protected":false},"excerpt":{"rendered":"<p>Alberto Moyano \u00abRajoy anuncia la creaci\u00f3n de un ministerio de la familia y promete que gobernar\u00e1 para las personas\u00bb, rezan los titulares de la prensa de hoy. No vale la pena entrar a dilucidar si ambos enunciados son contradictorios, pero una primera lectura de la apuesta de Mariano evidencia&nbsp; el firme empe\u00f1o que este hombre [&hellip;]<!-- AddThis Advanced Settings generic via filter on get_the_excerpt --><!-- AddThis Share Buttons generic via filter on get_the_excerpt --><\/p>\n","protected":false},"author":37,"featured_media":0,"comment_status":"open","ping_status":"closed","sticky":false,"template":"","format":"standard","meta":[],"categories":[2],"tags":[5],"_links":{"self":[{"href":"https:\/\/blogs.diariovasco.com\/eljukebox\/wp-json\/wp\/v2\/posts\/457"}],"collection":[{"href":"https:\/\/blogs.diariovasco.com\/eljukebox\/wp-json\/wp\/v2\/posts"}],"about":[{"href":"https:\/\/blogs.diariovasco.com\/eljukebox\/wp-json\/wp\/v2\/types\/post"}],"author":[{"embeddable":true,"href":"https:\/\/blogs.diariovasco.com\/eljukebox\/wp-json\/wp\/v2\/users\/37"}],"replies":[{"embeddable":true,"href":"https:\/\/blogs.diariovasco.com\/eljukebox\/wp-json\/wp\/v2\/comments?post=457"}],"version-history":[{"count":0,"href":"https:\/\/blogs.diariovasco.com\/eljukebox\/wp-json\/wp\/v2\/posts\/457\/revisions"}],"wp:attachment":[{"href":"https:\/\/blogs.diariovasco.com\/eljukebox\/wp-json\/wp\/v2\/media?parent=457"}],"wp:term":[{"taxonomy":"category","embeddable":true,"href":"https:\/\/blogs.diariovasco.com\/eljukebox\/wp-json\/wp\/v2\/categories?post=457"},{"taxonomy":"post_tag","embeddable":true,"href":"https:\/\/blogs.diariovasco.com\/eljukebox\/wp-json\/wp\/v2\/tags?post=457"}],"curies":[{"name":"wp","href":"https:\/\/api.w.org\/{rel}","templated":true}]}}