{"id":468,"date":"2008-01-25T15:45:30","date_gmt":"2008-01-25T15:45:30","guid":{"rendered":"http:\/\/blogs.diariovasco.com\/eljukebox\/?p=468"},"modified":"2008-01-25T15:45:30","modified_gmt":"2008-01-25T15:45:30","slug":"diario_de_k_iii","status":"publish","type":"post","link":"https:\/\/blogs.diariovasco.com\/eljukebox\/2008\/01\/25\/diario_de_k_iii\/","title":{"rendered":"Diario de K (III)"},"content":{"rendered":"<p>Alberto Moyano<\/p>\n<p>&#8220;\u00a1Jo, que gozada! ya es viernes. Cre\u00eda nunca llegaba el finde. \u00a1Qu\u00e9 semana m\u00e1s agitada, por Dios! He tenido que cambiar de gasolina. Ahora consumo de 98 octanos. Riqu\u00edsima. Pura ambros\u00eda. Adem\u00e1s, parece que me estabiliza la badiolina. Ya lo dije cuando lo de Salva: con todos los respetos, pero es que nosotros vamos a otra velocidad.<\/p>\n<p>Por cierto, me lo he encontrado por la ma\u00f1ana. Ese hombre me quiere un huevo. Nos hemos dado un abrazo de la h&#8230; Bueno, en realidad, se lo he dado yo. Por detr\u00e1s. Nos hemos ca\u00eddo y todo. Ah\u00ed, en el suelo, forcejeando de emoci\u00f3n. Me recordaba a la escena esa de Bardem en &#8216;No es pa\u00eds para pijos&#8217; -&#8216;No country for pijo&#8217;s men&#8217; o algo s\u00ed. Una gozada de t\u00edtulo-. Al final, nos han tenido que separar.<\/p>\n<p>Me encanta la peluca de Bardem. A ver si tengo un rato y le llamo para que me la ceda hasta final de temporada. Me imagino en el palco de Anoeta, con la peluca. \u00a1Jo&#8230;! A mi se\u00f1ora como que no le hace, pero le&nbsp; he dicho: &#8216;\u00bfQui\u00e9n pone el dinero? Yo, \u00bfno? Pues eso&#8217;. Y lo ha entendido a la primera.<\/p>\n<p>Otro que triunfa por el mundo es Gorka. Supermajo. Se ha ido a Zaragoza de segundo de Irureta. Un t\u00edo que no tiene miedo a demostrar lo que vale este Gorka. Su tratado &#8216;Gol de Marcelino: anatom\u00eda de las oscilaciones de la barrera basculante conformada por el doble rombo y el triple carrilero&#8217; es una de mis lecturas de cabecera. Lo he acabado siete veces y sospecho que a\u00fan se me escapan cosas.<\/p>\n<p>En fin. El domingo, partido. A ver si el lunes me acuerdo de despedir a Joserra. Me lo tengo que apuntar en alg\u00fan lado, Supermajo. Le pregunt\u00e9 si quer\u00eda entrenar a la Real y me dijo que s\u00ed, que era la ilusi\u00f3n de su vida. Pues misi\u00f3n cumplida. Ya la ha entrenado. Ahora que se vaya a chupar a otro lado. Es que, con todos los respetos, yo voy a otra velocidad.<\/p>\n<!-- AddThis Advanced Settings generic via filter on the_content --><!-- AddThis Share Buttons generic via filter on the_content -->","protected":false},"excerpt":{"rendered":"<p>Alberto Moyano &#8220;\u00a1Jo, que gozada! ya es viernes. Cre\u00eda nunca llegaba el finde. \u00a1Qu\u00e9 semana m\u00e1s agitada, por Dios! He tenido que cambiar de gasolina. Ahora consumo de 98 octanos. Riqu\u00edsima. Pura ambros\u00eda. Adem\u00e1s, parece que me estabiliza la badiolina. Ya lo dije cuando lo de Salva: con todos los respetos, pero es que nosotros [&hellip;]<!-- AddThis Advanced Settings generic via filter on get_the_excerpt --><!-- AddThis Share Buttons generic via filter on get_the_excerpt --><\/p>\n","protected":false},"author":37,"featured_media":0,"comment_status":"open","ping_status":"closed","sticky":false,"template":"","format":"standard","meta":[],"categories":[2],"tags":[5],"_links":{"self":[{"href":"https:\/\/blogs.diariovasco.com\/eljukebox\/wp-json\/wp\/v2\/posts\/468"}],"collection":[{"href":"https:\/\/blogs.diariovasco.com\/eljukebox\/wp-json\/wp\/v2\/posts"}],"about":[{"href":"https:\/\/blogs.diariovasco.com\/eljukebox\/wp-json\/wp\/v2\/types\/post"}],"author":[{"embeddable":true,"href":"https:\/\/blogs.diariovasco.com\/eljukebox\/wp-json\/wp\/v2\/users\/37"}],"replies":[{"embeddable":true,"href":"https:\/\/blogs.diariovasco.com\/eljukebox\/wp-json\/wp\/v2\/comments?post=468"}],"version-history":[{"count":0,"href":"https:\/\/blogs.diariovasco.com\/eljukebox\/wp-json\/wp\/v2\/posts\/468\/revisions"}],"wp:attachment":[{"href":"https:\/\/blogs.diariovasco.com\/eljukebox\/wp-json\/wp\/v2\/media?parent=468"}],"wp:term":[{"taxonomy":"category","embeddable":true,"href":"https:\/\/blogs.diariovasco.com\/eljukebox\/wp-json\/wp\/v2\/categories?post=468"},{"taxonomy":"post_tag","embeddable":true,"href":"https:\/\/blogs.diariovasco.com\/eljukebox\/wp-json\/wp\/v2\/tags?post=468"}],"curies":[{"name":"wp","href":"https:\/\/api.w.org\/{rel}","templated":true}]}}