{"id":480,"date":"2008-02-07T16:24:56","date_gmt":"2008-02-07T16:24:56","guid":{"rendered":"http:\/\/blogs.diariovasco.com\/eljukebox\/?p=480"},"modified":"2008-02-07T16:24:56","modified_gmt":"2008-02-07T16:24:56","slug":"kursaalidos","status":"publish","type":"post","link":"https:\/\/blogs.diariovasco.com\/eljukebox\/2008\/02\/07\/kursaalidos\/","title":{"rendered":"Kursaalidos"},"content":{"rendered":"<p><P>Alberto Moyano<\/P><br \/>\n<P>Bajo de nombre de clara inspiraci\u00f3n paleol\u00edtica, comienza ma\u00f1ana la Feria del Erotismo en un Kursaal donostiarra que ve as\u00ed c\u00f3mo, incluso&nbsp;tras la desaparici\u00f3n de DFoto,&nbsp;no decae la temperatura cultural de la ciudad. <\/P><br \/>\n<P>Impulsada por una pasteler\u00eda er\u00f3tica -\u00bfy cu\u00e1l no lo es?-, la feria aprovecha la llegada de Do\u00f1a Cuaresma para ofrecer un amplio surtido de cl\u00e1sicos: aceites, objetos de fetichismo y masaje, lencer\u00eda, el consabido concurso fotogr\u00e1fico y la inevitable secci\u00f3n de charlas y debates. Sin embargo, quiz\u00e1s algunas expectativas se vean defraudadas.<\/P><br \/>\n<P>Y es que en lo alto del programa se sit\u00faa Dinio -cuyo \u00fanico m\u00e9rito conocido en este terreno es haber visitado los interiores de Marujita D\u00edaz-, su gemelo y un ex concursante de &#8216;Gran Hermano&#8217;. Algo as\u00ed como invitar a los supervivientes de \u00a1Viven! al congreso Lo mejor de la Gastronom\u00eda. Para los m\u00e1s osados, se anuncian una salas hot en las que se llevar\u00e1n a cabo espect\u00e1culos er\u00f3ticos en vivo de alto contenido sexual, pero que, a tenor de lo que vamos sabiendo, dif\u00edcilmente superar\u00e1n lo acontecido en las duchas de la Real una d\u00eda cualquiera.<\/P><br \/>\n<P>Por decirlo claramente, la feria atufa a cochambre, quincalla y purgaciones, pero no por eso dejen de visitarlo. Bajo una primera lectura inevitablemente mercantilista, se asoman objetos de noble alcance: &#8220;Romper con la idea de que los vascos reciben con reticencia o frialdad este tipo de eventos&#8221;. Al menos, eso dicen los organizadores. De hecho, estamos consiguiendo elevar a industria emergente el clich\u00e9 de que los vascos no follamos, un lugar com\u00fan que hizo fortuna y que ya cuenta por sus ferias, sus chistes y sus programas de televisi\u00f3n. Para que luego digan que falta br\u00edo empresarial. Ya quisieran otros, ya.<\/P><\/p>\n<!-- AddThis Advanced Settings generic via filter on the_content --><!-- AddThis Share Buttons generic via filter on the_content -->","protected":false},"excerpt":{"rendered":"<p>Alberto Moyano Bajo de nombre de clara inspiraci\u00f3n paleol\u00edtica, comienza ma\u00f1ana la Feria del Erotismo en un Kursaal donostiarra que ve as\u00ed c\u00f3mo, incluso&nbsp;tras la desaparici\u00f3n de DFoto,&nbsp;no decae la temperatura cultural de la ciudad. Impulsada por una pasteler\u00eda er\u00f3tica -\u00bfy cu\u00e1l no lo es?-, la feria aprovecha la llegada de Do\u00f1a Cuaresma para ofrecer [&hellip;]<!-- AddThis Advanced Settings generic via filter on get_the_excerpt --><!-- AddThis Share Buttons generic via filter on get_the_excerpt --><\/p>\n","protected":false},"author":37,"featured_media":0,"comment_status":"open","ping_status":"closed","sticky":false,"template":"","format":"standard","meta":[],"categories":[2],"tags":[5],"_links":{"self":[{"href":"https:\/\/blogs.diariovasco.com\/eljukebox\/wp-json\/wp\/v2\/posts\/480"}],"collection":[{"href":"https:\/\/blogs.diariovasco.com\/eljukebox\/wp-json\/wp\/v2\/posts"}],"about":[{"href":"https:\/\/blogs.diariovasco.com\/eljukebox\/wp-json\/wp\/v2\/types\/post"}],"author":[{"embeddable":true,"href":"https:\/\/blogs.diariovasco.com\/eljukebox\/wp-json\/wp\/v2\/users\/37"}],"replies":[{"embeddable":true,"href":"https:\/\/blogs.diariovasco.com\/eljukebox\/wp-json\/wp\/v2\/comments?post=480"}],"version-history":[{"count":0,"href":"https:\/\/blogs.diariovasco.com\/eljukebox\/wp-json\/wp\/v2\/posts\/480\/revisions"}],"wp:attachment":[{"href":"https:\/\/blogs.diariovasco.com\/eljukebox\/wp-json\/wp\/v2\/media?parent=480"}],"wp:term":[{"taxonomy":"category","embeddable":true,"href":"https:\/\/blogs.diariovasco.com\/eljukebox\/wp-json\/wp\/v2\/categories?post=480"},{"taxonomy":"post_tag","embeddable":true,"href":"https:\/\/blogs.diariovasco.com\/eljukebox\/wp-json\/wp\/v2\/tags?post=480"}],"curies":[{"name":"wp","href":"https:\/\/api.w.org\/{rel}","templated":true}]}}