{"id":488,"date":"2008-02-17T13:16:14","date_gmt":"2008-02-17T13:16:14","guid":{"rendered":"http:\/\/blogs.diariovasco.com\/eljukebox\/?p=488"},"modified":"2008-02-17T13:16:14","modified_gmt":"2008-02-17T13:16:14","slug":"sirenas_en_la_ciudad","status":"publish","type":"post","link":"https:\/\/blogs.diariovasco.com\/eljukebox\/2008\/02\/17\/sirenas_en_la_ciudad\/","title":{"rendered":"Sirenas en la ciudad"},"content":{"rendered":"<p><P>Alberto Moyano<\/P><br \/>\n<P>Mientras un chico muy alto&nbsp;de Barcelona cantaba a comienzosde los ochenta aquello de &#8220;nena, voy a ser una rock &#038; roll star&#8221;, otro grupo de j\u00f3venes, esta vez donostiarra,&nbsp;anunciaban por la misma \u00e9poca que &#8220;no vamos a ser una rock star&#8221;. En&nbsp;ambos casos, el autopron\u00f3stico se cumpli\u00f3.<\/P><br \/>\n<P>Los m\u00fasicos Adri\u00e1n P\u00e9rez y Santi Gasca han reunido en el CD &#8216;Mogoll\u00f3n&#8217; las grabaciones de un grupo fundador de lo que se llam\u00f3 Donosti Sound y embrionario de la inagotable cantera pop de la capital guipuzcoana. El disco va acompa\u00f1ado de un cuadernillo de fotos y algunos datos que dan cuenta de la trayectoria del conjunto, desde su creaci\u00f3n en diciembre de 1978 y su posterior estreno en ese Instituto Pe\u00f1aflorida cuya demolici\u00f3n se anuncia ahora, hasta su separaci\u00f3n en verano de 1983.<\/P><br \/>\n<P>Son 27 los temas reunidos en el CD, los siete \u00faltimos &#8220;reelaborados&#8221; el pasado a\u00f1o y, por qu\u00e9 no decirlo, carentes de cualquier chispa o encanto pese -o quiz\u00e1s debido- al esfuerzo por actualizar el sonido y los arreglos. Los otros veintiuno, sin embargo,&nbsp;capturan con frescura&nbsp;una \u00e9poca cargada de convulsi\u00f3n pol\u00edtica, creatividad musical, ingenuidad letrista, drogas de baratillo y amaneceres en la calle San Bartolom\u00e9.<\/P><br \/>\n<P>El ejercicio retro que supone escuchar estas canciones desentierra, aunque s\u00f3lo sea por un momento, el signo de los tiempos: los programas locales de radio, el circuito de bares, las tribus urbanas, los fanzines&nbsp;y el boca\/o\u00eddo. Todo eso desapareci\u00f3, llev\u00e1ndose consigo, por cierto, los peinados espeluznantes y el sonido criminal de aquellos&nbsp;teclados. <\/P><br \/>\n<P>P.D.: El CD incluye una direcci\u00f3n de correo electr\u00f3nico: <A href=\"mailto:mogollon.santiadrian@gmail.com\">mogollon.santiadrian@gmail.com<\/A> <\/P><\/p>\n<!-- AddThis Advanced Settings generic via filter on the_content --><!-- AddThis Share Buttons generic via filter on the_content -->","protected":false},"excerpt":{"rendered":"<p>Alberto Moyano Mientras un chico muy alto&nbsp;de Barcelona cantaba a comienzosde los ochenta aquello de &#8220;nena, voy a ser una rock &#038; roll star&#8221;, otro grupo de j\u00f3venes, esta vez donostiarra,&nbsp;anunciaban por la misma \u00e9poca que &#8220;no vamos a ser una rock star&#8221;. En&nbsp;ambos casos, el autopron\u00f3stico se cumpli\u00f3. Los m\u00fasicos Adri\u00e1n P\u00e9rez y Santi [&hellip;]<!-- AddThis Advanced Settings generic via filter on get_the_excerpt --><!-- AddThis Share Buttons generic via filter on get_the_excerpt --><\/p>\n","protected":false},"author":37,"featured_media":0,"comment_status":"open","ping_status":"closed","sticky":false,"template":"","format":"standard","meta":[],"categories":[2],"tags":[5],"_links":{"self":[{"href":"https:\/\/blogs.diariovasco.com\/eljukebox\/wp-json\/wp\/v2\/posts\/488"}],"collection":[{"href":"https:\/\/blogs.diariovasco.com\/eljukebox\/wp-json\/wp\/v2\/posts"}],"about":[{"href":"https:\/\/blogs.diariovasco.com\/eljukebox\/wp-json\/wp\/v2\/types\/post"}],"author":[{"embeddable":true,"href":"https:\/\/blogs.diariovasco.com\/eljukebox\/wp-json\/wp\/v2\/users\/37"}],"replies":[{"embeddable":true,"href":"https:\/\/blogs.diariovasco.com\/eljukebox\/wp-json\/wp\/v2\/comments?post=488"}],"version-history":[{"count":0,"href":"https:\/\/blogs.diariovasco.com\/eljukebox\/wp-json\/wp\/v2\/posts\/488\/revisions"}],"wp:attachment":[{"href":"https:\/\/blogs.diariovasco.com\/eljukebox\/wp-json\/wp\/v2\/media?parent=488"}],"wp:term":[{"taxonomy":"category","embeddable":true,"href":"https:\/\/blogs.diariovasco.com\/eljukebox\/wp-json\/wp\/v2\/categories?post=488"},{"taxonomy":"post_tag","embeddable":true,"href":"https:\/\/blogs.diariovasco.com\/eljukebox\/wp-json\/wp\/v2\/tags?post=488"}],"curies":[{"name":"wp","href":"https:\/\/api.w.org\/{rel}","templated":true}]}}