{"id":500,"date":"2008-02-28T12:30:55","date_gmt":"2008-02-28T12:30:55","guid":{"rendered":"http:\/\/blogs.diariovasco.com\/eljukebox\/?p=500"},"modified":"2008-02-28T12:30:55","modified_gmt":"2008-02-28T12:30:55","slug":"sigue_el_debate_pero_en_teledonosti","status":"publish","type":"post","link":"https:\/\/blogs.diariovasco.com\/eljukebox\/2008\/02\/28\/sigue_el_debate_pero_en_teledonosti\/","title":{"rendered":"Sigue el debate, pero en Teledonosti"},"content":{"rendered":"<p>Alberto Moyano<\/p>\n<p>El programa de Teledonosti &#8216;Barra libre&#8217; se dedic\u00f3 anoche a la continuaci\u00f3n del debate electoral, pero por otros medios. Reuni\u00f3 en el plat\u00f3 a<br \/>\nErnesto Gasco, concejal donostiarra y n\u00famero tres en la lista del<br \/>\nPSE-EE, y a Borja Semper, concejal en Irun y parlamentario vasco, para<br \/>\nque descodificaran el karaoke televisivo de Zapatero y Rajoy.<\/p>\n<p>Y la charla se abri\u00f3 con consenso: los dos pol\u00edticos admitieron sin<br \/>\ntapujos que a Mariano le quedaba peque\u00f1o el traje. A partir de ah\u00ed,<br \/>\ndivergencia de opiniones, expresadas, eso s\u00ed, en un ambiente cordial,<br \/>\ncuando no divertido. <br \/>\nel concejal socialista enarbol\u00f3 la &#8220;felicidad&#8221; que ha alcanzado en esta<br \/>\nlegislatura gracias a la regulaci\u00f3n del matrimonio homosexual. Dif\u00edcil<br \/>\nimaginar postura m\u00e1s conservadora. Por lo dem\u00e1s, agit\u00f3 el hipot\u00e9tico<br \/>\nmiedo que extiende entre la poblaci\u00f3n la hip\u00f3tesis de una victoria<br \/>\npopular.<\/p>\n<p>Semper, por su parte, hizo cu\u00e1nto pudo por aclarar que Rajoy est\u00e1 al<br \/>\ntanto de la existencia y funcionamiento del bonob\u00fas, elogi\u00f3 el<br \/>\ndetallado conocimiento de los precios de la bolsa de la compra por<br \/>\nparte del l\u00edder popular y neg\u00f3 que sus intervenciones estuvieran<br \/>\npre\u00f1adas de crispaci\u00f3n.<\/p>\n<p>A invitaci\u00f3n de la presentadora, los dos pol\u00edticos dibujaron rotulador<br \/>\nen mano a &#8216;la ni\u00f1a de Rajoy&#8217;. La de Gasco parec\u00eda una tigresa; la de<br \/>\nSemper, una n\u00ednfula. En un apartado posterior y en el terreno de las<br \/>\nan\u00e9cdotas m\u00e1s o menos<br \/>\nescabrosas, Semper anunci\u00f3 su intenci\u00f3n someterse a un depilado<br \/>\nintegral en el futuro y Gasco se confes\u00f3 de gustos sencillos,<br \/>\ncompatibles con su pasi\u00f3n por colonias y perfumes.<\/p>\n<!-- AddThis Advanced Settings generic via filter on the_content --><!-- AddThis Share Buttons generic via filter on the_content -->","protected":false},"excerpt":{"rendered":"<p>Alberto Moyano El programa de Teledonosti &#8216;Barra libre&#8217; se dedic\u00f3 anoche a la continuaci\u00f3n del debate electoral, pero por otros medios. Reuni\u00f3 en el plat\u00f3 a Ernesto Gasco, concejal donostiarra y n\u00famero tres en la lista del PSE-EE, y a Borja Semper, concejal en Irun y parlamentario vasco, para que descodificaran el karaoke televisivo de [&hellip;]<!-- AddThis Advanced Settings generic via filter on get_the_excerpt --><!-- AddThis Share Buttons generic via filter on get_the_excerpt --><\/p>\n","protected":false},"author":37,"featured_media":0,"comment_status":"open","ping_status":"closed","sticky":false,"template":"","format":"standard","meta":[],"categories":[2],"tags":[5],"_links":{"self":[{"href":"https:\/\/blogs.diariovasco.com\/eljukebox\/wp-json\/wp\/v2\/posts\/500"}],"collection":[{"href":"https:\/\/blogs.diariovasco.com\/eljukebox\/wp-json\/wp\/v2\/posts"}],"about":[{"href":"https:\/\/blogs.diariovasco.com\/eljukebox\/wp-json\/wp\/v2\/types\/post"}],"author":[{"embeddable":true,"href":"https:\/\/blogs.diariovasco.com\/eljukebox\/wp-json\/wp\/v2\/users\/37"}],"replies":[{"embeddable":true,"href":"https:\/\/blogs.diariovasco.com\/eljukebox\/wp-json\/wp\/v2\/comments?post=500"}],"version-history":[{"count":0,"href":"https:\/\/blogs.diariovasco.com\/eljukebox\/wp-json\/wp\/v2\/posts\/500\/revisions"}],"wp:attachment":[{"href":"https:\/\/blogs.diariovasco.com\/eljukebox\/wp-json\/wp\/v2\/media?parent=500"}],"wp:term":[{"taxonomy":"category","embeddable":true,"href":"https:\/\/blogs.diariovasco.com\/eljukebox\/wp-json\/wp\/v2\/categories?post=500"},{"taxonomy":"post_tag","embeddable":true,"href":"https:\/\/blogs.diariovasco.com\/eljukebox\/wp-json\/wp\/v2\/tags?post=500"}],"curies":[{"name":"wp","href":"https:\/\/api.w.org\/{rel}","templated":true}]}}