{"id":506,"date":"2008-03-06T15:51:36","date_gmt":"2008-03-06T15:51:36","guid":{"rendered":"http:\/\/blogs.diariovasco.com\/eljukebox\/?p=506"},"modified":"2008-03-06T15:51:36","modified_gmt":"2008-03-06T15:51:36","slug":"la_pildora_blanquiazul","status":"publish","type":"post","link":"https:\/\/blogs.diariovasco.com\/eljukebox\/2008\/03\/06\/la_pildora_blanquiazul\/","title":{"rendered":"La p\u00edldora blanquiazul"},"content":{"rendered":"<p>Alberto Moyano<\/p>\n<p>El presidente de la Real ha anunciado que gracias a la Real &#8220;los guipuzcoanos tambi\u00e9n gozan, como nosotros, de muchos orgamos&#8221;. A falta de que los aludidos\/as confirmen ese &#8220;como nosotros&#8221; de inequ\u00edvoco aroma fantasmal, sorprende que diga eso quien horas antes hablaba de un verano \u00e1rtico de sesenta d\u00edas y ninguna noche.<\/p>\n<p>La noticia es buena, pero fiel al car\u00e1cter patrimonializador y la pulsi\u00f3n absorbente que caracterizan a su autor, deja un enorme retrogusto a apropiaci\u00f3n indebida. Por decirlo con otras palabras: \u00bfcu\u00e1ntas de estas gloriosas y caudalosas c\u00f3pulas no ser\u00e1n debidas al Bruesa, a Fernando Alonso, a la bandera de La Concha o al torneo manomanista?<\/p>\n<p>En todo caso, las palabras del presidente llevan impl\u00edcitas la promesa de convertir el territorio hist\u00f3rico en un gigantesco samb\u00f3dromo en el caso de confirmarse el ascenso. La alternativa -el no ascenso- se podr\u00eda traducir por un &#8220;todos los ahorcados mueren empalmados&#8221; que cantaba Siniestro Total.<\/p>\n<p>Han sido mucho a\u00f1os de misionero con la mu\u00f1eca hinchable, viene a decir Badiola en alusi\u00f3n a sus predecesores en el cargo. Ahora, toca dar rienda suelta a nuestros instintos. A cambio tan s\u00f3lo de hacer el rid\u00edculo a p\u00e1gina completa en la prensa nacional -una minucia-, el cerebro consultor anuncia el reparto de orgasmos como si fueran entradas. Si de los gallegos se dice que nunca se sabe si suben o bajan, con la Real no hay forma de aclararse si se viene o se va.<\/p>\n<!-- AddThis Advanced Settings generic via filter on the_content --><!-- AddThis Share Buttons generic via filter on the_content -->","protected":false},"excerpt":{"rendered":"<p>Alberto Moyano El presidente de la Real ha anunciado que gracias a la Real &#8220;los guipuzcoanos tambi\u00e9n gozan, como nosotros, de muchos orgamos&#8221;. A falta de que los aludidos\/as confirmen ese &#8220;como nosotros&#8221; de inequ\u00edvoco aroma fantasmal, sorprende que diga eso quien horas antes hablaba de un verano \u00e1rtico de sesenta d\u00edas y ninguna noche. [&hellip;]<!-- AddThis Advanced Settings generic via filter on get_the_excerpt --><!-- AddThis Share Buttons generic via filter on get_the_excerpt --><\/p>\n","protected":false},"author":37,"featured_media":0,"comment_status":"open","ping_status":"closed","sticky":false,"template":"","format":"standard","meta":[],"categories":[2],"tags":[5],"_links":{"self":[{"href":"https:\/\/blogs.diariovasco.com\/eljukebox\/wp-json\/wp\/v2\/posts\/506"}],"collection":[{"href":"https:\/\/blogs.diariovasco.com\/eljukebox\/wp-json\/wp\/v2\/posts"}],"about":[{"href":"https:\/\/blogs.diariovasco.com\/eljukebox\/wp-json\/wp\/v2\/types\/post"}],"author":[{"embeddable":true,"href":"https:\/\/blogs.diariovasco.com\/eljukebox\/wp-json\/wp\/v2\/users\/37"}],"replies":[{"embeddable":true,"href":"https:\/\/blogs.diariovasco.com\/eljukebox\/wp-json\/wp\/v2\/comments?post=506"}],"version-history":[{"count":0,"href":"https:\/\/blogs.diariovasco.com\/eljukebox\/wp-json\/wp\/v2\/posts\/506\/revisions"}],"wp:attachment":[{"href":"https:\/\/blogs.diariovasco.com\/eljukebox\/wp-json\/wp\/v2\/media?parent=506"}],"wp:term":[{"taxonomy":"category","embeddable":true,"href":"https:\/\/blogs.diariovasco.com\/eljukebox\/wp-json\/wp\/v2\/categories?post=506"},{"taxonomy":"post_tag","embeddable":true,"href":"https:\/\/blogs.diariovasco.com\/eljukebox\/wp-json\/wp\/v2\/tags?post=506"}],"curies":[{"name":"wp","href":"https:\/\/api.w.org\/{rel}","templated":true}]}}