{"id":508,"date":"2008-03-09T13:59:46","date_gmt":"2008-03-09T13:59:46","guid":{"rendered":"http:\/\/blogs.diariovasco.com\/eljukebox\/?p=508"},"modified":"2008-03-09T13:59:46","modified_gmt":"2008-03-09T13:59:46","slug":"representacion","status":"publish","type":"post","link":"https:\/\/blogs.diariovasco.com\/eljukebox\/2008\/03\/09\/representacion\/","title":{"rendered":"Representaci\u00f3n"},"content":{"rendered":"<p><P>Alberto Moyano<\/P><br \/>\n<P>Los partidos pol\u00edticos no est\u00e1n hechos para combatir el terrorismo ni para acabar con \u00e9l, sino para alcanzar el poder. Por eso, cuando el viernes se tuvo noticia del atentado de Arrasate, lo primero que hicieron los candidatos fue suspender la campa\u00f1a para, acto seguido, reunirse con sus directores de campa\u00f1a.<\/P><br \/>\n<P>Que uno haya &#8220;traicionado a los muertos&#8221;, &#8220;agredido a las v\u00edctimas&#8221; o &#8220;negociado pol\u00edticamente&#8221; con ETA no es impedimento para que, una asesinado uno de los seguidores del supuesto fel\u00f3n, su rival se presente en la capilla ardiente para dar el p\u00e9same. Que la v\u00edctima haya nacido en una comunidad y haya muerto en otra, tampoco obsta para que el presidente de una tercera -precisamente el mismo, el \u00fanico,&nbsp;que en 48 horas se juega la reelecci\u00f3n- aparezca ante las c\u00e1maras inopinadamente pegado a la hija del fallecido.<\/P><br \/>\n<P>Que se suspende las campa\u00f1a, s\u00f3lo significa que la campa\u00f1a contin\u00faa, pero por otros medios, de la misma forma que cuando el Rey se salta el protocolo para saludar a los que le aclaman tras la barrera \u00fanicamente est\u00e1 siguiendo estrictamente el protocolo.<\/P><br \/>\n<P>Por lo dem\u00e1s, los mensajes contradictorios desbordan la capacidad de encaje: que si ETA ya est\u00e1 derrotada, que si est\u00e1 m\u00e1s fuerte que nunca, que si obligar\u00e1 a cambiar estrategias, que si puede la vuelta de la violencia podr\u00eda forzar a alg\u00fan partido a cambiar sus candidatos, que si los atentados condicionan tanto el resultado electoral que habr\u00eda que aplazar los comicios, que si matar es muy f\u00e1cil, que si mata cuando puede, que si ya se hab\u00eda advertido que matar\u00eda en campa\u00f1a, que si puede que tenga un comando, que si puede que dos&#8230; Y as\u00ed la vida entera.<\/P><\/p>\n<!-- AddThis Advanced Settings generic via filter on the_content --><!-- AddThis Share Buttons generic via filter on the_content -->","protected":false},"excerpt":{"rendered":"<p>Alberto Moyano Los partidos pol\u00edticos no est\u00e1n hechos para combatir el terrorismo ni para acabar con \u00e9l, sino para alcanzar el poder. Por eso, cuando el viernes se tuvo noticia del atentado de Arrasate, lo primero que hicieron los candidatos fue suspender la campa\u00f1a para, acto seguido, reunirse con sus directores de campa\u00f1a. Que uno [&hellip;]<!-- AddThis Advanced Settings generic via filter on get_the_excerpt --><!-- AddThis Share Buttons generic via filter on get_the_excerpt --><\/p>\n","protected":false},"author":37,"featured_media":0,"comment_status":"open","ping_status":"closed","sticky":false,"template":"","format":"standard","meta":[],"categories":[2],"tags":[5],"_links":{"self":[{"href":"https:\/\/blogs.diariovasco.com\/eljukebox\/wp-json\/wp\/v2\/posts\/508"}],"collection":[{"href":"https:\/\/blogs.diariovasco.com\/eljukebox\/wp-json\/wp\/v2\/posts"}],"about":[{"href":"https:\/\/blogs.diariovasco.com\/eljukebox\/wp-json\/wp\/v2\/types\/post"}],"author":[{"embeddable":true,"href":"https:\/\/blogs.diariovasco.com\/eljukebox\/wp-json\/wp\/v2\/users\/37"}],"replies":[{"embeddable":true,"href":"https:\/\/blogs.diariovasco.com\/eljukebox\/wp-json\/wp\/v2\/comments?post=508"}],"version-history":[{"count":0,"href":"https:\/\/blogs.diariovasco.com\/eljukebox\/wp-json\/wp\/v2\/posts\/508\/revisions"}],"wp:attachment":[{"href":"https:\/\/blogs.diariovasco.com\/eljukebox\/wp-json\/wp\/v2\/media?parent=508"}],"wp:term":[{"taxonomy":"category","embeddable":true,"href":"https:\/\/blogs.diariovasco.com\/eljukebox\/wp-json\/wp\/v2\/categories?post=508"},{"taxonomy":"post_tag","embeddable":true,"href":"https:\/\/blogs.diariovasco.com\/eljukebox\/wp-json\/wp\/v2\/tags?post=508"}],"curies":[{"name":"wp","href":"https:\/\/api.w.org\/{rel}","templated":true}]}}