{"id":520,"date":"2008-03-27T10:47:21","date_gmt":"2008-03-27T10:47:21","guid":{"rendered":"http:\/\/blogs.diariovasco.com\/eljukebox\/?p=520"},"modified":"2008-03-27T10:47:21","modified_gmt":"2008-03-27T10:47:21","slug":"capital_gutural_europea","status":"publish","type":"post","link":"https:\/\/blogs.diariovasco.com\/eljukebox\/2008\/03\/27\/capital_gutural_europea\/","title":{"rendered":"Capital Gutural Europea"},"content":{"rendered":"<p>Alberto Moyano<\/p>\n<p>Donostia, Capital Cultural Europea 2016. Suena bien. Se consiga o no la<br \/>\nnominaci\u00f3n, la candidatura servir\u00e1 como vitamina para consolidar<br \/>\nproyectos, acelerar planes y recaudar auydas y subvenciones. <\/p>\n<p>En esencia, se trata de uno de esos eventos que ayudan a revitalizar la pasi\u00f3n de los ciudadanos por su ciudad. Un d\u00eda toca la salida del Tour, otro d\u00eda el concierto de Bob Dylan en<br \/>\nla playa y un tercero, Manifesta. Sencillamente, lo necesitamos. <\/p>\n<p>El mecanismo psicol\u00f3gico -com\u00fan por lo dem\u00e1s al del resto de las ciudades- funciona de forma similar a esos<br \/>\nmatrimonios recaducos, en los que el marido se disfraza de ladr\u00f3n y la<br \/>\nmujer de colegiala, todo con el objetivo de atizar fuegos que m\u00e1s bien<br \/>\nson ya cenizas. <\/p>\n<p>Ahora, el concurso de ideas se abre a las aportaciones que pueda<br \/>\nformular la oposici\u00f3n y se hace un llamamiento a no utilizar el asunto<br \/>\ncomo materia partidista, alegando que 2016 queda muy lejos y sabe Dios<br \/>\nqui\u00e9n gobernar\u00e1 entonces, aunque si hubiera que apostar, todos lo har\u00edamos por Elorza como favorito. <\/p>\n<p>La cuesti\u00f3n central, sin embargo, no ser\u00e1 si habr\u00e1 pasarela en Monpas,<br \/>\nestar\u00e1 terminado el centro Tabakalera o se habr\u00e1 coronado la agotadora ascensi\u00f3n<br \/>\nal Museo de San Telmo -que seguro que s\u00ed en todos los casos-, sino<br \/>\ncomprobar si a\u00fan colear\u00e1 eso que llamamos conflicto vasco o lo que<br \/>\nsea. En caso afirmativo, volveremos a exhibir la detonaci\u00f3n de explosivos como instrumento tradicional vasco.<\/p>\n<!-- AddThis Advanced Settings generic via filter on the_content --><!-- AddThis Share Buttons generic via filter on the_content -->","protected":false},"excerpt":{"rendered":"<p>Alberto Moyano Donostia, Capital Cultural Europea 2016. Suena bien. Se consiga o no la nominaci\u00f3n, la candidatura servir\u00e1 como vitamina para consolidar proyectos, acelerar planes y recaudar auydas y subvenciones. En esencia, se trata de uno de esos eventos que ayudan a revitalizar la pasi\u00f3n de los ciudadanos por su ciudad. Un d\u00eda toca la [&hellip;]<!-- AddThis Advanced Settings generic via filter on get_the_excerpt --><!-- AddThis Share Buttons generic via filter on get_the_excerpt --><\/p>\n","protected":false},"author":37,"featured_media":0,"comment_status":"open","ping_status":"closed","sticky":false,"template":"","format":"standard","meta":[],"categories":[2],"tags":[5],"_links":{"self":[{"href":"https:\/\/blogs.diariovasco.com\/eljukebox\/wp-json\/wp\/v2\/posts\/520"}],"collection":[{"href":"https:\/\/blogs.diariovasco.com\/eljukebox\/wp-json\/wp\/v2\/posts"}],"about":[{"href":"https:\/\/blogs.diariovasco.com\/eljukebox\/wp-json\/wp\/v2\/types\/post"}],"author":[{"embeddable":true,"href":"https:\/\/blogs.diariovasco.com\/eljukebox\/wp-json\/wp\/v2\/users\/37"}],"replies":[{"embeddable":true,"href":"https:\/\/blogs.diariovasco.com\/eljukebox\/wp-json\/wp\/v2\/comments?post=520"}],"version-history":[{"count":0,"href":"https:\/\/blogs.diariovasco.com\/eljukebox\/wp-json\/wp\/v2\/posts\/520\/revisions"}],"wp:attachment":[{"href":"https:\/\/blogs.diariovasco.com\/eljukebox\/wp-json\/wp\/v2\/media?parent=520"}],"wp:term":[{"taxonomy":"category","embeddable":true,"href":"https:\/\/blogs.diariovasco.com\/eljukebox\/wp-json\/wp\/v2\/categories?post=520"},{"taxonomy":"post_tag","embeddable":true,"href":"https:\/\/blogs.diariovasco.com\/eljukebox\/wp-json\/wp\/v2\/tags?post=520"}],"curies":[{"name":"wp","href":"https:\/\/api.w.org\/{rel}","templated":true}]}}