{"id":527,"date":"2008-04-06T11:44:25","date_gmt":"2008-04-06T11:44:25","guid":{"rendered":"http:\/\/blogs.diariovasco.com\/eljukebox\/?p=527"},"modified":"2008-04-06T11:44:25","modified_gmt":"2008-04-06T11:44:25","slug":"diario_de_j_i","status":"publish","type":"post","link":"https:\/\/blogs.diariovasco.com\/eljukebox\/2008\/04\/06\/diario_de_j_i\/","title":{"rendered":"Diario de J (I)"},"content":{"rendered":"<p><P>Alberto Moyano<\/P><br \/>\n<P>&#8220;Esto es como volver a casa. Con la frente marchita, las nieves del tiempo y todo eso. Y pensar que antes ven\u00eda a Zubieta a hablar con Marco sobre la bisectriz combinativa en la medular del verde. Por cierto, c\u00f3mo ha cambiado esto, qu\u00e9 quilombo tienen montado ac\u00e1.<\/P><br \/>\n<P>Dime c\u00f3mo me miras y te dir\u00e9 c\u00f3mo me ves. \u00bfAcento argentino, yo? Pelotudos. Pero si es Valdano el que tiene acento de Tolosa, no jod\u00e1s.&nbsp;Lo que pasa&nbsp;es que a m\u00ed me gusta vivir en&nbsp;zona y eso algunos no lo perdonan. Mi trabajo es hacer que todos en el club vivamos en zona, sobre todo, en zona cero.&nbsp;<\/P><br \/>\n<P>No entiendo muy bien lo que dice K porque se pasa la jornada hablando en ingl\u00e9s -que si timing, due dilengence, basck list y sit down (por cierto, las Malvinas son argentinas)- pero me pareci\u00f3 intuir en su discurso que el objetivo era subir a Primera. &#8216;Y a m\u00ed qu\u00e9 me cont\u00e1s&#8217;, le vine a decir.<\/P><br \/>\n<P>No quiero aturullar a los jugadores con cambalaches en el esquema de la cancha. S\u00f3lo les voy a transmitir conceptos b\u00e1sicos, como el desarrollo binario del doble pivote contemplativo o el papel hegem\u00f3nico de la pelota en la evoluci\u00f3n del linier por su banda. El resto es s\u00f3lo f\u00fatbol. Adem\u00e1s, la plantilla tampoco est\u00e1 para trotes. Le dije a un jugador&nbsp;que avance como Beckenbauer y me contest\u00f3 que s\u00ed, que no me preocupara, que ya vio las tres entregas de &#8216;Terminator&#8217;. \u00a1Qu\u00e9 boludo!<\/P><br \/>\n<P>Debo volver a la pizarra. Esta tarde jugamos contra el H\u00e9rcules. El de las columnas. Veremos qu\u00e9 pasa. La ventaja de este cargo que si subimos a Primera ser\u00e9 un \u00eddolo y si no, har\u00e1 rato que ya me botaron&#8221;.<\/P><\/p>\n<!-- AddThis Advanced Settings generic via filter on the_content --><!-- AddThis Share Buttons generic via filter on the_content -->","protected":false},"excerpt":{"rendered":"<p>Alberto Moyano &#8220;Esto es como volver a casa. Con la frente marchita, las nieves del tiempo y todo eso. Y pensar que antes ven\u00eda a Zubieta a hablar con Marco sobre la bisectriz combinativa en la medular del verde. Por cierto, c\u00f3mo ha cambiado esto, qu\u00e9 quilombo tienen montado ac\u00e1. Dime c\u00f3mo me miras y [&hellip;]<!-- AddThis Advanced Settings generic via filter on get_the_excerpt --><!-- AddThis Share Buttons generic via filter on get_the_excerpt --><\/p>\n","protected":false},"author":37,"featured_media":0,"comment_status":"open","ping_status":"closed","sticky":false,"template":"","format":"standard","meta":[],"categories":[2],"tags":[5],"_links":{"self":[{"href":"https:\/\/blogs.diariovasco.com\/eljukebox\/wp-json\/wp\/v2\/posts\/527"}],"collection":[{"href":"https:\/\/blogs.diariovasco.com\/eljukebox\/wp-json\/wp\/v2\/posts"}],"about":[{"href":"https:\/\/blogs.diariovasco.com\/eljukebox\/wp-json\/wp\/v2\/types\/post"}],"author":[{"embeddable":true,"href":"https:\/\/blogs.diariovasco.com\/eljukebox\/wp-json\/wp\/v2\/users\/37"}],"replies":[{"embeddable":true,"href":"https:\/\/blogs.diariovasco.com\/eljukebox\/wp-json\/wp\/v2\/comments?post=527"}],"version-history":[{"count":0,"href":"https:\/\/blogs.diariovasco.com\/eljukebox\/wp-json\/wp\/v2\/posts\/527\/revisions"}],"wp:attachment":[{"href":"https:\/\/blogs.diariovasco.com\/eljukebox\/wp-json\/wp\/v2\/media?parent=527"}],"wp:term":[{"taxonomy":"category","embeddable":true,"href":"https:\/\/blogs.diariovasco.com\/eljukebox\/wp-json\/wp\/v2\/categories?post=527"},{"taxonomy":"post_tag","embeddable":true,"href":"https:\/\/blogs.diariovasco.com\/eljukebox\/wp-json\/wp\/v2\/tags?post=527"}],"curies":[{"name":"wp","href":"https:\/\/api.w.org\/{rel}","templated":true}]}}