{"id":536,"date":"2008-04-15T19:30:02","date_gmt":"2008-04-15T19:30:02","guid":{"rendered":"http:\/\/blogs.diariovasco.com\/eljukebox\/?p=536"},"modified":"2008-04-15T19:30:02","modified_gmt":"2008-04-15T19:30:02","slug":"salvad_a_la_soldado_carme","status":"publish","type":"post","link":"https:\/\/blogs.diariovasco.com\/eljukebox\/2008\/04\/15\/salvad_a_la_soldado_carme\/","title":{"rendered":"Salvad a la soldado Carme"},"content":{"rendered":"<p>Alberto Moyano<\/p>\n<p>La desginaci\u00f3n de Carme Chac\u00f3n como nueva ministra de Defensa ha sido saludada desde las filas progresistas con el mismo inconsciente alborozo con el que se recibir\u00eda la elecci\u00f3n de un te\u00f3logo de la liberaci\u00f3n como nuevo Papa.<\/p>\n<p>Mujer, embarazada, pacifista, catalana, seria y solvente. Leyendo la lista de cualidades que se atribuyen a la nueva titular no se imagina uno para qu\u00e9 le van a servir al frente de una instituci\u00f3n tradicionalmente tan rijosa. M\u00e1s bien suena a desperdicio de talento. Tras ser inmortalizada ayer mientras pasaba revista a las tropas, lo suyo ahora ser\u00eda destituirla de inmediato y destinarla a un puesto en el que pueda desarrollar en plenitud sus prestaciones.<\/p>\n<p>Adem\u00e1s, si se confirman las \u00faltimas investigaciones en materia de percepci\u00f3n intrauterina, que recomiendan solazar al beb\u00e9 con m\u00fasica de Beethoven a partir del quinto mes de gestaci\u00f3n, esos &#8216;Capit\u00e1n, mande firmes&#8217;, &#8216;viva Espa\u00f1a&#8217; y &#8216;viva el&nbsp; rey&#8217; no permiten augurar nada bueno respecto a la formaci\u00f3n del feto.<\/p>\n<p>Desde las filas conservadoras, se aplaude con desgana y resignaci\u00f3n la elecci\u00f3n de Zapatero, se admite que es un paso hacia la normalidad, pero tambi\u00e9n se advierte que \u00e9sta no llegar\u00e1 hasta que haya un hombre al frente del Ministerio de Igualdad.<\/p>\n<!-- AddThis Advanced Settings generic via filter on the_content --><!-- AddThis Share Buttons generic via filter on the_content -->","protected":false},"excerpt":{"rendered":"<p>Alberto Moyano La desginaci\u00f3n de Carme Chac\u00f3n como nueva ministra de Defensa ha sido saludada desde las filas progresistas con el mismo inconsciente alborozo con el que se recibir\u00eda la elecci\u00f3n de un te\u00f3logo de la liberaci\u00f3n como nuevo Papa. Mujer, embarazada, pacifista, catalana, seria y solvente. Leyendo la lista de cualidades que se atribuyen [&hellip;]<!-- AddThis Advanced Settings generic via filter on get_the_excerpt --><!-- AddThis Share Buttons generic via filter on get_the_excerpt --><\/p>\n","protected":false},"author":37,"featured_media":0,"comment_status":"open","ping_status":"closed","sticky":false,"template":"","format":"standard","meta":[],"categories":[2],"tags":[5],"_links":{"self":[{"href":"https:\/\/blogs.diariovasco.com\/eljukebox\/wp-json\/wp\/v2\/posts\/536"}],"collection":[{"href":"https:\/\/blogs.diariovasco.com\/eljukebox\/wp-json\/wp\/v2\/posts"}],"about":[{"href":"https:\/\/blogs.diariovasco.com\/eljukebox\/wp-json\/wp\/v2\/types\/post"}],"author":[{"embeddable":true,"href":"https:\/\/blogs.diariovasco.com\/eljukebox\/wp-json\/wp\/v2\/users\/37"}],"replies":[{"embeddable":true,"href":"https:\/\/blogs.diariovasco.com\/eljukebox\/wp-json\/wp\/v2\/comments?post=536"}],"version-history":[{"count":0,"href":"https:\/\/blogs.diariovasco.com\/eljukebox\/wp-json\/wp\/v2\/posts\/536\/revisions"}],"wp:attachment":[{"href":"https:\/\/blogs.diariovasco.com\/eljukebox\/wp-json\/wp\/v2\/media?parent=536"}],"wp:term":[{"taxonomy":"category","embeddable":true,"href":"https:\/\/blogs.diariovasco.com\/eljukebox\/wp-json\/wp\/v2\/categories?post=536"},{"taxonomy":"post_tag","embeddable":true,"href":"https:\/\/blogs.diariovasco.com\/eljukebox\/wp-json\/wp\/v2\/tags?post=536"}],"curies":[{"name":"wp","href":"https:\/\/api.w.org\/{rel}","templated":true}]}}