{"id":553,"date":"2008-05-08T15:54:07","date_gmt":"2008-05-08T15:54:07","guid":{"rendered":"http:\/\/blogs.diariovasco.com\/eljukebox\/?p=553"},"modified":"2008-05-08T15:54:07","modified_gmt":"2008-05-08T15:54:07","slug":"una_oracion_por_san_marcos","status":"publish","type":"post","link":"https:\/\/blogs.diariovasco.com\/eljukebox\/2008\/05\/08\/una_oracion_por_san_marcos\/","title":{"rendered":"Una oraci\u00f3n por San Marcos"},"content":{"rendered":"<p>Alberto Moyano<\/p>\n<p>Gipuzkoa empaqueta el material inservible y lo env\u00eda a Vizcaya en donde, tras recibir el tratamiento adecuado, se hace desaparecer. Dicho as\u00ed, parece un r\u00e1pido resumen del caso Zubiaurre, pero en realidad condensa el acuerdo que las diputaciones de los dos territorios cerraron ayer, coincidiendo precisamente -lo que son las cosas- con la resoluci\u00f3n del contencioso futbol\u00edstico en el Supremo. <\/p>\n<p>El acuerdo permitir\u00e1 transferir 25.000 toneladas de residuos guipuzcoanos a vertederos vizca\u00ednos a\u00fan por determinar (en este punto, se recuerda que el ex gerente del Guggenheim Roberto Cearsolo ha acreditado unas prestaciones inmejorables a la hora de hacer desaparecer materia inorg\u00e1nica).&nbsp; Y tambi\u00e9n que nuestros ojos vean lo que ya hab\u00edan renunciado a ver: el cierre de San Marcos. De cumplirse los plazos, quiz\u00e1s nuestros nietos est\u00e9n llamados a disfrutar de un aire libre de las emisiones pestilentes que por d\u00e9cadas han atufado la comarca.<\/p>\n<p>Que lo que ha unido la basura, no lo separe el f\u00fatbol. Gipuzkoa y Vizcaya somos por fin una unidad de destino en lo residual. El acuerdo se mantendr\u00e1 vigente hasta la construcci\u00f3n de la controvertida incineradora donostiarra, protagonista de un debate en el que las posturas a favor oscilan entre es &#8220;inocua&#8221; y &#8220;no queda otra soluci\u00f3n&#8221;. Ambos argumentos se restan credibilidad mutuamente.<\/p>\n<p>Tras un baile de emplazamientos que no ha dejado libre de susto espacio verde alguno en toda Gipuzkoa, el \u00faltimo elegido es Zubieta. Gipuzkoa genera igual n\u00famero de cacicadas que cualquier otro territorio. Lo que nos distingue del resto es que aqu\u00ed se ejecutan a c\u00e1mara lenta.<\/p>\n<!-- AddThis Advanced Settings generic via filter on the_content --><!-- AddThis Share Buttons generic via filter on the_content -->","protected":false},"excerpt":{"rendered":"<p>Alberto Moyano Gipuzkoa empaqueta el material inservible y lo env\u00eda a Vizcaya en donde, tras recibir el tratamiento adecuado, se hace desaparecer. Dicho as\u00ed, parece un r\u00e1pido resumen del caso Zubiaurre, pero en realidad condensa el acuerdo que las diputaciones de los dos territorios cerraron ayer, coincidiendo precisamente -lo que son las cosas- con la [&hellip;]<!-- AddThis Advanced Settings generic via filter on get_the_excerpt --><!-- AddThis Share Buttons generic via filter on get_the_excerpt --><\/p>\n","protected":false},"author":37,"featured_media":0,"comment_status":"open","ping_status":"closed","sticky":false,"template":"","format":"standard","meta":[],"categories":[2],"tags":[5],"_links":{"self":[{"href":"https:\/\/blogs.diariovasco.com\/eljukebox\/wp-json\/wp\/v2\/posts\/553"}],"collection":[{"href":"https:\/\/blogs.diariovasco.com\/eljukebox\/wp-json\/wp\/v2\/posts"}],"about":[{"href":"https:\/\/blogs.diariovasco.com\/eljukebox\/wp-json\/wp\/v2\/types\/post"}],"author":[{"embeddable":true,"href":"https:\/\/blogs.diariovasco.com\/eljukebox\/wp-json\/wp\/v2\/users\/37"}],"replies":[{"embeddable":true,"href":"https:\/\/blogs.diariovasco.com\/eljukebox\/wp-json\/wp\/v2\/comments?post=553"}],"version-history":[{"count":0,"href":"https:\/\/blogs.diariovasco.com\/eljukebox\/wp-json\/wp\/v2\/posts\/553\/revisions"}],"wp:attachment":[{"href":"https:\/\/blogs.diariovasco.com\/eljukebox\/wp-json\/wp\/v2\/media?parent=553"}],"wp:term":[{"taxonomy":"category","embeddable":true,"href":"https:\/\/blogs.diariovasco.com\/eljukebox\/wp-json\/wp\/v2\/categories?post=553"},{"taxonomy":"post_tag","embeddable":true,"href":"https:\/\/blogs.diariovasco.com\/eljukebox\/wp-json\/wp\/v2\/tags?post=553"}],"curies":[{"name":"wp","href":"https:\/\/api.w.org\/{rel}","templated":true}]}}