{"id":568,"date":"2008-05-26T11:09:16","date_gmt":"2008-05-26T11:09:16","guid":{"rendered":"http:\/\/blogs.diariovasco.com\/eljukebox\/?p=568"},"modified":"2008-05-26T11:09:16","modified_gmt":"2008-05-26T11:09:16","slug":"la_ciudad_de_karmelo_c_iribarren","status":"publish","type":"post","link":"https:\/\/blogs.diariovasco.com\/eljukebox\/2008\/05\/26\/la_ciudad_de_karmelo_c_iribarren\/","title":{"rendered":"&#039;La ciudad&#039;, de Karmelo C. Iribarren"},"content":{"rendered":"<p>Alberto Moyano<\/p>\n<p>La \u00faltima vez que se coment\u00f3 aqu\u00ed un poemario del escritor donostiarra Karmelo C. Iribarren la charla desemboc\u00f3 en una fenomenal pol\u00e9mica que se sald\u00f3 con acusaciones de misoginia -al escritor-, amiguismo -a un servidor- y corporativismo -a buena parte de los participantes-, as\u00ed como con la baja definitiva de la \u00fanica interlocutora permanente que ha tenido el blog. Y el hecho de que el poema que provoc\u00f3 aquel caos no sea uno de los 180 seleccionados en esta antolog\u00eda parece apuntar a que la elecci\u00f3n no fue excesivamente afortunada. Todo un \u00e9xito, vamos.<\/p>\n<p>Con ese precedente, resulta imposible eludir la tentaci\u00f3n de reincidir y, en este sentido, la reedici\u00f3n aumentada de &#8216;La ciudad-Antolog\u00eda 1985-2008&#8217; (Editorial Renacimiento) la pinta calva.<\/p>\n<p>Iribarren dice la ciudad y lo dice en el mismo tono que le daba Lou Reed en &#8216;Coney Island Baby&#8217;: &#8220;Recuerda que es un lugar divertido \/ algo as\u00ed como un circo o una cloaca&#8221;. Por lo dem\u00e1s, el escritor contin\u00faa fiel a s\u00ed mismo, a sus temas y a su estilo, aunque \u00e9ste \u00faltimo se vaya afilando con el tiempo. La primera edici\u00f3n del libro se agot\u00f3. La segunda sale ahora con 26 in\u00e9ditos. Aqu\u00ed van un par de poemas:<\/p>\n<p>CALLE URBIETA, DEMOLICI\u00d3N<\/p>\n<p>Desde la acera<br \/>se ven<br \/>tres paredes de la cocina<br \/>y dos de un cuarto,<br \/>sobre \u00e9stas<br \/>incluso se distinguen las flores<br \/>del papel&#8230;<br \/>Y miro,<br \/>y no puedo evitar<br \/>imagin\u00e1rmelos:<br \/>har\u00eda sol;<br \/>vestir\u00edan la ropa de los domingos&#8230;<br \/>el pulso de \u00e9l<br \/>al estampar la firma<br \/>frente al notario,<br \/>la felicidad,<br \/>todav\u00eda tensa, en un hilo,<br \/>de la mujer&#8230;<\/p>\n<p>QU\u00c9 RARA<\/p>\n<p>Qu\u00e9 rara<br \/>suena<br \/>a estas edades<br \/>la palabra<br \/>amor.<br \/>La dices,<br \/>y no sabes<br \/>si te enga\u00f1as<br \/>a ti mismo,<br \/>o a ella,<br \/>o \u00e9l<br \/>a los dos.<\/p>\n<!-- AddThis Advanced Settings generic via filter on the_content --><!-- AddThis Share Buttons generic via filter on the_content -->","protected":false},"excerpt":{"rendered":"<p>Alberto Moyano La \u00faltima vez que se coment\u00f3 aqu\u00ed un poemario del escritor donostiarra Karmelo C. Iribarren la charla desemboc\u00f3 en una fenomenal pol\u00e9mica que se sald\u00f3 con acusaciones de misoginia -al escritor-, amiguismo -a un servidor- y corporativismo -a buena parte de los participantes-, as\u00ed como con la baja definitiva de la \u00fanica interlocutora [&hellip;]<!-- AddThis Advanced Settings generic via filter on get_the_excerpt --><!-- AddThis Share Buttons generic via filter on get_the_excerpt --><\/p>\n","protected":false},"author":37,"featured_media":0,"comment_status":"open","ping_status":"closed","sticky":false,"template":"","format":"standard","meta":[],"categories":[2],"tags":[5],"_links":{"self":[{"href":"https:\/\/blogs.diariovasco.com\/eljukebox\/wp-json\/wp\/v2\/posts\/568"}],"collection":[{"href":"https:\/\/blogs.diariovasco.com\/eljukebox\/wp-json\/wp\/v2\/posts"}],"about":[{"href":"https:\/\/blogs.diariovasco.com\/eljukebox\/wp-json\/wp\/v2\/types\/post"}],"author":[{"embeddable":true,"href":"https:\/\/blogs.diariovasco.com\/eljukebox\/wp-json\/wp\/v2\/users\/37"}],"replies":[{"embeddable":true,"href":"https:\/\/blogs.diariovasco.com\/eljukebox\/wp-json\/wp\/v2\/comments?post=568"}],"version-history":[{"count":0,"href":"https:\/\/blogs.diariovasco.com\/eljukebox\/wp-json\/wp\/v2\/posts\/568\/revisions"}],"wp:attachment":[{"href":"https:\/\/blogs.diariovasco.com\/eljukebox\/wp-json\/wp\/v2\/media?parent=568"}],"wp:term":[{"taxonomy":"category","embeddable":true,"href":"https:\/\/blogs.diariovasco.com\/eljukebox\/wp-json\/wp\/v2\/categories?post=568"},{"taxonomy":"post_tag","embeddable":true,"href":"https:\/\/blogs.diariovasco.com\/eljukebox\/wp-json\/wp\/v2\/tags?post=568"}],"curies":[{"name":"wp","href":"https:\/\/api.w.org\/{rel}","templated":true}]}}