{"id":642,"date":"2008-09-01T16:13:50","date_gmt":"2008-09-01T16:13:50","guid":{"rendered":"http:\/\/blogs.diariovasco.com\/eljukebox\/?p=642"},"modified":"2008-09-01T16:13:50","modified_gmt":"2008-09-01T16:13:50","slug":"otitis_oleo_sobre_lienzo_con_rubia_al_fo","status":"publish","type":"post","link":"https:\/\/blogs.diariovasco.com\/eljukebox\/2008\/09\/01\/otitis_oleo_sobre_lienzo_con_rubia_al_fo\/","title":{"rendered":"Otitis: \u00f3leo sobre lienzo con rubia al fondo"},"content":{"rendered":"<p>Alberto Moyano<\/p>\n<p>Buenas noticias para los amantes de las golosinas: Leire vuelve con nuevo grupo y nuevo disco: &#8220;A las cinco en el Astoria&#8221;, un t\u00edtulo arriesgado porque el tiempo inmobiliario pasa volando y es posible que los fans del conjunto donostiarra ni sepan a qu\u00e9 se refieren.<\/p>\n<p>La difusi\u00f3n de las letras del nuevo disco desmienten los buenos augurios que apuntaban que el grupo hab\u00eda dado un paso en la direcci\u00f3n correcta de acuerdo con la edad de sus componentes -cada vez m\u00e1s incompatible con un p\u00fablico eternamente infantil- a base de &#8220;los pelos m\u00e1s sexy del verano&#8221; y todo eso.<\/p>\n<p>De hecho, &#8220;quisiera ser la lluvia que empap\u00f3 tus ojos negros pidi\u00e9ndome un beso&#8221; o &#8220;qu\u00e9 corto fue el amor, qu\u00e9 largo el olvido&#8221; demuestran que nada tan robusto como lo blando y que el az\u00facar es un producto imperecedero. <\/p>\n<p>Pero no todo es rosa. El \u00e1lbum incluye algunos temas comprometidos, aunque incomprensiblemente no entre ellos referencia alguna a la dif\u00edcil situaci\u00f3n que atraviesa la Real. Se trata de un tema de homenaje a las v\u00edctimas del 11-M y de otro, en tono humanista, &#8216;en el que Leire cantar\u00e1 aquello de &#8220;la vida m\u00e1s peque\u00f1a vale mil veces m\u00e1s que la naci\u00f3n m\u00e1s grande&#8221;. Puede que no sea un prodigio de originalidad, pero al menos evita las coletillas del pensamiento &#8216;mainstream&#8217;, tipo &#8220;t\u00fa eres mi \u00fanica patria&#8221; y aberraciones por el estilo.<\/p>\n<p>Mientras, all\u00e1 por Los \u00c1ngeles, Amaia Montero ultima su decisi\u00f3n en torno a si engolfa de una vez su m\u00fasica o se consolida definitivamente como futura Teresa Rabal.<\/p>\n<p>Y en esas estamos, esperando a ver qui\u00e9n sali\u00f3 ganando y qui\u00e9n perdiendo con la escisi\u00f3n del grupo porque la pir\u00e1mide poblacional indica que pronto no habr\u00e1 ni\u00f1os para todos. Bueno, o s\u00ed, que dir\u00eda Barrancas.<\/p>\n<p><\/p>\n<!-- AddThis Advanced Settings generic via filter on the_content --><!-- AddThis Share Buttons generic via filter on the_content -->","protected":false},"excerpt":{"rendered":"<p>Alberto Moyano Buenas noticias para los amantes de las golosinas: Leire vuelve con nuevo grupo y nuevo disco: &#8220;A las cinco en el Astoria&#8221;, un t\u00edtulo arriesgado porque el tiempo inmobiliario pasa volando y es posible que los fans del conjunto donostiarra ni sepan a qu\u00e9 se refieren. La difusi\u00f3n de las letras del nuevo [&hellip;]<!-- AddThis Advanced Settings generic via filter on get_the_excerpt --><!-- AddThis Share Buttons generic via filter on get_the_excerpt --><\/p>\n","protected":false},"author":37,"featured_media":0,"comment_status":"open","ping_status":"closed","sticky":false,"template":"","format":"standard","meta":[],"categories":[2],"tags":[5],"_links":{"self":[{"href":"https:\/\/blogs.diariovasco.com\/eljukebox\/wp-json\/wp\/v2\/posts\/642"}],"collection":[{"href":"https:\/\/blogs.diariovasco.com\/eljukebox\/wp-json\/wp\/v2\/posts"}],"about":[{"href":"https:\/\/blogs.diariovasco.com\/eljukebox\/wp-json\/wp\/v2\/types\/post"}],"author":[{"embeddable":true,"href":"https:\/\/blogs.diariovasco.com\/eljukebox\/wp-json\/wp\/v2\/users\/37"}],"replies":[{"embeddable":true,"href":"https:\/\/blogs.diariovasco.com\/eljukebox\/wp-json\/wp\/v2\/comments?post=642"}],"version-history":[{"count":0,"href":"https:\/\/blogs.diariovasco.com\/eljukebox\/wp-json\/wp\/v2\/posts\/642\/revisions"}],"wp:attachment":[{"href":"https:\/\/blogs.diariovasco.com\/eljukebox\/wp-json\/wp\/v2\/media?parent=642"}],"wp:term":[{"taxonomy":"category","embeddable":true,"href":"https:\/\/blogs.diariovasco.com\/eljukebox\/wp-json\/wp\/v2\/categories?post=642"},{"taxonomy":"post_tag","embeddable":true,"href":"https:\/\/blogs.diariovasco.com\/eljukebox\/wp-json\/wp\/v2\/tags?post=642"}],"curies":[{"name":"wp","href":"https:\/\/api.w.org\/{rel}","templated":true}]}}