{"id":651,"date":"2008-09-09T10:25:45","date_gmt":"2008-09-09T10:25:45","guid":{"rendered":"http:\/\/blogs.diariovasco.com\/eljukebox\/?p=651"},"modified":"2008-09-09T10:25:45","modified_gmt":"2008-09-09T10:25:45","slug":"al_filo_de_lo_risible","status":"publish","type":"post","link":"https:\/\/blogs.diariovasco.com\/eljukebox\/2008\/09\/09\/al_filo_de_lo_risible\/","title":{"rendered":"Al filo de lo risible"},"content":{"rendered":"<p>Alberto Moyano<\/p>\n<p>Un tertuliano televisivo teorizaba ayer sobre el ataque de vigorexia que padecen todos los inquilinos de La Moncloa, con la sabida excepci\u00f3n de Calvo Sotelo. Que si padel, que si tenis, que si footing&#8230; Zapatero se tir\u00f3 hace unos d\u00edas a la monta\u00f1a y Cuatro emiti\u00f3 anoche el resultado en formato &#8216;sitcom&#8217;.<\/p>\n<p>&#8216;Desaf\u00edo extremo&#8217; es un programa presentado -m\u00e1s bien, protagonizado- por el monta\u00f1ero Jes\u00fas Calleja en el que, entrega a entrega, se repite el esquema: llegada al punto de partida de la expedici\u00f3n, comienzo del recorrido, aparici\u00f3n de primeras dificultades -m\u00e1s orales que otra cosa- del tipo &#8220;los gu\u00edas no lo ven claro&#8230;&#8221;, &#8220;me fastidiar\u00eda tener que dar la vuelta&#8230;&#8221;, &#8220;vamos a ver si despeja&#8230;&#8221; A continuaci\u00f3n se acomete la \u00faltima parte del trayecto amenizado con el recuento de los fallecidos en anteriores intentos por esa ruta y, finalmente y sin mayores novedades, se completa la proeza.<\/p>\n<p>ZP se apunt\u00f3 a subir al Collado Jermoso de Le\u00f3n de la mano de Calleja y aquello pareci\u00f3 el Roc\u00edo: escoltas, fot\u00f3grafos, periodistas, vecinos, el inevitable alcalde y hasta un primo del presidente que respond\u00eda al evocador nombre de Nacho Vidal, de segundo, Zapatero.<\/p>\n<p>Para aclararlo todo antes de empezar, Calleja ya adelant\u00f3 que, en la monta\u00f1a, se impone el tuteo. A partir de ah\u00ed, se entreg\u00f3 con af\u00e1n a amasar el nombre de pila de ZP: &#8220;Mira, Jos\u00e9 Luis&#8221;, &#8220;escucha, Jos\u00e9 Luis&#8221;, &#8220;\u00bfqu\u00e9 tal vas, Jos\u00e9 Luis?&#8221;, &#8220;\u00bfhas visto eso, Jos\u00e9 Luis?&#8221;, &#8220;\u00bfc\u00f3mo lo llevas, Jos\u00e9 Luis?&#8221; e incluso, &#8220;nuestros padres se conoc\u00eda, Jos\u00e9 Luis&#8221;.<\/p>\n<p>Jos\u00e9 Luis, por su parte, iba sumergi\u00e9ndose en un estado m\u00edstico a medida que progresaba la ascensi\u00f3n, quiz\u00e1s embargado por la emoci\u00f3n de regresar a los parajes de su juventud, quiz\u00e1s desorientado por la falta de ox\u00edgeno. <\/p>\n<p>As\u00ed, dej\u00f3 para el recuerdo varios pensamientos de l\u00ednea Coelho, tipo &#8220;la vida te cambia lo que eres, pero no qui\u00e9n eres&#8221; o &#8220;la monta\u00f1a es una forma de vida&#8221;, como si la Presidencia del Gobierno no lo fuera.<\/p>\n<p>Jadeando como un pervertido telef\u00f3nico, el presidente lleg\u00f3 finalmente a su destino y all\u00ed, tras proclamar que se le hab\u00eda hecho corto, prometi\u00f3 nuevas y futuras expediciones, esta vez, en compa\u00f1\u00eda de la familia. Y una vez m\u00e1s, la anunciada tormenta que amenaza cada episodio de &#8216;Desaf\u00edo extremo&#8217; no tuvo lugar.<\/p>\n<p><\/p>\n<!-- AddThis Advanced Settings generic via filter on the_content --><!-- AddThis Share Buttons generic via filter on the_content -->","protected":false},"excerpt":{"rendered":"<p>Alberto Moyano Un tertuliano televisivo teorizaba ayer sobre el ataque de vigorexia que padecen todos los inquilinos de La Moncloa, con la sabida excepci\u00f3n de Calvo Sotelo. Que si padel, que si tenis, que si footing&#8230; Zapatero se tir\u00f3 hace unos d\u00edas a la monta\u00f1a y Cuatro emiti\u00f3 anoche el resultado en formato &#8216;sitcom&#8217;. &#8216;Desaf\u00edo [&hellip;]<!-- AddThis Advanced Settings generic via filter on get_the_excerpt --><!-- AddThis Share Buttons generic via filter on get_the_excerpt --><\/p>\n","protected":false},"author":37,"featured_media":0,"comment_status":"open","ping_status":"closed","sticky":false,"template":"","format":"standard","meta":[],"categories":[2],"tags":[5],"_links":{"self":[{"href":"https:\/\/blogs.diariovasco.com\/eljukebox\/wp-json\/wp\/v2\/posts\/651"}],"collection":[{"href":"https:\/\/blogs.diariovasco.com\/eljukebox\/wp-json\/wp\/v2\/posts"}],"about":[{"href":"https:\/\/blogs.diariovasco.com\/eljukebox\/wp-json\/wp\/v2\/types\/post"}],"author":[{"embeddable":true,"href":"https:\/\/blogs.diariovasco.com\/eljukebox\/wp-json\/wp\/v2\/users\/37"}],"replies":[{"embeddable":true,"href":"https:\/\/blogs.diariovasco.com\/eljukebox\/wp-json\/wp\/v2\/comments?post=651"}],"version-history":[{"count":0,"href":"https:\/\/blogs.diariovasco.com\/eljukebox\/wp-json\/wp\/v2\/posts\/651\/revisions"}],"wp:attachment":[{"href":"https:\/\/blogs.diariovasco.com\/eljukebox\/wp-json\/wp\/v2\/media?parent=651"}],"wp:term":[{"taxonomy":"category","embeddable":true,"href":"https:\/\/blogs.diariovasco.com\/eljukebox\/wp-json\/wp\/v2\/categories?post=651"},{"taxonomy":"post_tag","embeddable":true,"href":"https:\/\/blogs.diariovasco.com\/eljukebox\/wp-json\/wp\/v2\/tags?post=651"}],"curies":[{"name":"wp","href":"https:\/\/api.w.org\/{rel}","templated":true}]}}