{"id":666,"date":"2008-09-20T12:09:30","date_gmt":"2008-09-20T12:09:30","guid":{"rendered":"http:\/\/blogs.diariovasco.com\/eljukebox\/?p=666"},"modified":"2008-09-20T12:09:30","modified_gmt":"2008-09-20T12:09:30","slug":"zinemardis_aamp_comanders_iv","status":"publish","type":"post","link":"https:\/\/blogs.diariovasco.com\/eljukebox\/2008\/09\/20\/zinemardis_aamp_comanders_iv\/","title":{"rendered":"Zinemardis &#038; Comanders (IV)"},"content":{"rendered":"<p><P>Alberto Moyano<\/P><br \/>\n<P>1) Fen\u00f3menos paranormales, que ya quisiera para s\u00ed la Feria del Esoterismo, se abren paso en el Zinemaldia. As\u00ed, en una columna de un peri\u00f3dico vasco, alguien escribi\u00f3 el primer d\u00eda, antes de que se hubiera proyectado una sola pel\u00edcula a concurso, cosas que s\u00f3lo puedes firmar si posees el dones adivinatorios:&nbsp; &#8220;&#8230; un festival en el que los nuevos aires han conseguido elaborar una de las selecciones m\u00e1s serias e interesantes de los \u00faltimos a\u00f1os (&#8230;) Un festival que apuesta por el cine de verdad&#8221;. Es cierto que el Festival es tambi\u00e9n un estado de \u00e1nimo, pero, mujer, deja algo para el \u00faltimo d\u00eda, no vaya a ser que tengas de tragarte tus palabras.<\/P><br \/>\n<P>2) Fant\u00e1stica la caterva de escotadas que se pasea por los suburbios del certamen -Hotel Mar\u00eda Cristina, Victoria Eugenia, cafeter\u00edas y terrazas- sin un motivo definido. Todas responden lo mismo: &#8220;Aqu\u00ed, disfrutando del Festival e intentando que mis m\u00faltiples compromisos me permitan ver el m\u00e1ximo de pel\u00edculas posibles&#8221;. L\u00f3gicamente, no se acercan a una sala de cine ni en los momentos de mayor desorientaci\u00f3n. Se comenta que este fen\u00f3meno es el equivalente glamouroso del &#8216;hacer pasillos&#8217; de toda la vida. Lorena Bernal est\u00e1 excluida de esta categor\u00eda, porque parece ser que ha interpretado a una ni\u00f1era en un cap\u00edtulo de &#8216;CSI&#8217;.<\/P><br \/>\n<P>3) Cap\u00edtulo aparte merece Espido Freire, que el a\u00f1o pasado encontr\u00f3, como miembro del jurado de Nuevos Directores, la excusa perfecta para detenerse a diario ante las c\u00e1maras que cubren la alfombra del Kursaal. Este a\u00f1o, despojada de coartadas, lo ha vuelto a hacer, aunque anuncia su inminente partida en pos de misiones m\u00e1s altas, como escribir su nueva novela y as\u00ed.<\/P><br \/>\n<P>4) El jam\u00f3n tambi\u00e9n reclama su protagonismo. Tras la &#8216;Ham Session&#8217; que&nbsp;hace dos meses inauguraba el Jazzaldia,&nbsp;el cortador y su cuchillo volvieron a hacerse presentes por las esquinas del Zinemaldia, en concreto, en la fiesta inaugural del Mar\u00eda Cristina. Qu\u00e9 ser\u00eda de un festival de cine, o incluso de cualquier festival en general,&nbsp;sin sus lonchas de pata negra.<\/P><\/p>\n<!-- AddThis Advanced Settings generic via filter on the_content --><!-- AddThis Share Buttons generic via filter on the_content -->","protected":false},"excerpt":{"rendered":"<p>Alberto Moyano 1) Fen\u00f3menos paranormales, que ya quisiera para s\u00ed la Feria del Esoterismo, se abren paso en el Zinemaldia. As\u00ed, en una columna de un peri\u00f3dico vasco, alguien escribi\u00f3 el primer d\u00eda, antes de que se hubiera proyectado una sola pel\u00edcula a concurso, cosas que s\u00f3lo puedes firmar si posees el dones adivinatorios:&nbsp; &#8220;&#8230; [&hellip;]<!-- AddThis Advanced Settings generic via filter on get_the_excerpt --><!-- AddThis Share Buttons generic via filter on get_the_excerpt --><\/p>\n","protected":false},"author":37,"featured_media":0,"comment_status":"open","ping_status":"closed","sticky":false,"template":"","format":"standard","meta":[],"categories":[2],"tags":[5],"_links":{"self":[{"href":"https:\/\/blogs.diariovasco.com\/eljukebox\/wp-json\/wp\/v2\/posts\/666"}],"collection":[{"href":"https:\/\/blogs.diariovasco.com\/eljukebox\/wp-json\/wp\/v2\/posts"}],"about":[{"href":"https:\/\/blogs.diariovasco.com\/eljukebox\/wp-json\/wp\/v2\/types\/post"}],"author":[{"embeddable":true,"href":"https:\/\/blogs.diariovasco.com\/eljukebox\/wp-json\/wp\/v2\/users\/37"}],"replies":[{"embeddable":true,"href":"https:\/\/blogs.diariovasco.com\/eljukebox\/wp-json\/wp\/v2\/comments?post=666"}],"version-history":[{"count":0,"href":"https:\/\/blogs.diariovasco.com\/eljukebox\/wp-json\/wp\/v2\/posts\/666\/revisions"}],"wp:attachment":[{"href":"https:\/\/blogs.diariovasco.com\/eljukebox\/wp-json\/wp\/v2\/media?parent=666"}],"wp:term":[{"taxonomy":"category","embeddable":true,"href":"https:\/\/blogs.diariovasco.com\/eljukebox\/wp-json\/wp\/v2\/categories?post=666"},{"taxonomy":"post_tag","embeddable":true,"href":"https:\/\/blogs.diariovasco.com\/eljukebox\/wp-json\/wp\/v2\/tags?post=666"}],"curies":[{"name":"wp","href":"https:\/\/api.w.org\/{rel}","templated":true}]}}