{"id":668,"date":"2008-09-21T15:14:14","date_gmt":"2008-09-21T15:14:14","guid":{"rendered":"http:\/\/blogs.diariovasco.com\/eljukebox\/?p=668"},"modified":"2008-09-21T15:14:14","modified_gmt":"2008-09-21T15:14:14","slug":"zinemardis_aamp_comanders_vi","status":"publish","type":"post","link":"https:\/\/blogs.diariovasco.com\/eljukebox\/2008\/09\/21\/zinemardis_aamp_comanders_vi\/","title":{"rendered":"Zinemardis &#038; Comanders (VI)"},"content":{"rendered":"<p><P>Alberto Moyano<\/P><br \/>\n<P>1) Para quienes hayan tenido la fortuna de no pasar por este trance, ser\u00e1 dif\u00edcil comprender en toda su magnitud el perez\u00f3n que el Festival produce desde el punto de vista period\u00edstico. Hablamos de ruedas de prensa en las que la vacuidad y el pedorrismo en sus formas m\u00e1s exacerbadas campan por sus respetos,&nbsp;disfrazadas apenas de&nbsp;preguntas que no lo son, sino m\u00e1s bien reflexiones en voz alta para que uno recuerde cu\u00e1nto sabe y los dem\u00e1s nos admiremos.<\/P><br \/>\n<P>2) Hay que tener en cuenta que de los mil y pico acreditados, un par de centenares acude a los encuentros con los actores y directores. De estos, apenas un pu\u00f1ado -mayormente, los que trabajan para medios locales- tendr\u00e1n que escribir m\u00e1s de una l\u00ednea sobre la rueda en cuesti\u00f3n. Esto significa que el resto acude para entregarse al enredo, puro y duro, como forma de pasar el d\u00eda, entre peli y peli.<\/P><br \/>\n<P>3) Luego est\u00e1n las entrevistas que se conceden por grupos de cinco o seis redactores, en las habitaciones de hotel contratadas por las productoras. All\u00ed, el periodista se encuentra con un ej\u00e9rcito de diab\u00e9ticas aceleradas -de ambos sexos- que se dirigen a todo el mundo con el extra\u00f1o nombre de &#8220;Mari&#8221;. &#8220;Mari, ahora vas t\u00fa&#8221; o &#8220;Mari, ten\u00e9is veinte minutos para hacer la entrevista&#8221;.<\/P><br \/>\n<P>4) Esa tribu lleva unos d\u00edas osea como loca, t\u00eda -o Mari-. Venga quejarse por tel\u00e9fono a recepci\u00f3n, rematando siempre la rega\u00f1ina con la coletilla de &#8220;con lo que estamos pagando por esta suite es que no hay derecho&#8221;, lo cual ya lo dice todo sobre el nivel de ordinariez del que estamos hablando.<\/P><br \/>\n<P>5) &#8216;Quemar despu\u00e9s de leer&#8217;, la \u00faltima de los Coen, trata sobre elo idiota que llevamos dentro y que va prosperando con el tiempo. Para algunos, una obra genial; para otros, una pieza menor en su filmograf\u00eda. Tras la proyecci\u00f3n del s\u00e1bado a medianoche, durante la cual hubo quien se durmi\u00f3, la mayor parte del p\u00fablico dedic\u00f3 una fuerte ovaci\u00f3n al filme, aunque no qued\u00f3 claro si lo hac\u00eda a cuenta de ese&nbsp;est\u00fapido interior que nos habita o era ese ser bello y cultivado que tambi\u00e9n llevamos en alguna parte&nbsp;quien aplaud\u00eda a rabiar.<\/P><\/p>\n<!-- AddThis Advanced Settings generic via filter on the_content --><!-- AddThis Share Buttons generic via filter on the_content -->","protected":false},"excerpt":{"rendered":"<p>Alberto Moyano 1) Para quienes hayan tenido la fortuna de no pasar por este trance, ser\u00e1 dif\u00edcil comprender en toda su magnitud el perez\u00f3n que el Festival produce desde el punto de vista period\u00edstico. Hablamos de ruedas de prensa en las que la vacuidad y el pedorrismo en sus formas m\u00e1s exacerbadas campan por sus [&hellip;]<!-- AddThis Advanced Settings generic via filter on get_the_excerpt --><!-- AddThis Share Buttons generic via filter on get_the_excerpt --><\/p>\n","protected":false},"author":37,"featured_media":0,"comment_status":"open","ping_status":"closed","sticky":false,"template":"","format":"standard","meta":[],"categories":[2],"tags":[5],"_links":{"self":[{"href":"https:\/\/blogs.diariovasco.com\/eljukebox\/wp-json\/wp\/v2\/posts\/668"}],"collection":[{"href":"https:\/\/blogs.diariovasco.com\/eljukebox\/wp-json\/wp\/v2\/posts"}],"about":[{"href":"https:\/\/blogs.diariovasco.com\/eljukebox\/wp-json\/wp\/v2\/types\/post"}],"author":[{"embeddable":true,"href":"https:\/\/blogs.diariovasco.com\/eljukebox\/wp-json\/wp\/v2\/users\/37"}],"replies":[{"embeddable":true,"href":"https:\/\/blogs.diariovasco.com\/eljukebox\/wp-json\/wp\/v2\/comments?post=668"}],"version-history":[{"count":0,"href":"https:\/\/blogs.diariovasco.com\/eljukebox\/wp-json\/wp\/v2\/posts\/668\/revisions"}],"wp:attachment":[{"href":"https:\/\/blogs.diariovasco.com\/eljukebox\/wp-json\/wp\/v2\/media?parent=668"}],"wp:term":[{"taxonomy":"category","embeddable":true,"href":"https:\/\/blogs.diariovasco.com\/eljukebox\/wp-json\/wp\/v2\/categories?post=668"},{"taxonomy":"post_tag","embeddable":true,"href":"https:\/\/blogs.diariovasco.com\/eljukebox\/wp-json\/wp\/v2\/tags?post=668"}],"curies":[{"name":"wp","href":"https:\/\/api.w.org\/{rel}","templated":true}]}}