{"id":669,"date":"2008-09-22T16:19:17","date_gmt":"2008-09-22T16:19:17","guid":{"rendered":"http:\/\/blogs.diariovasco.com\/eljukebox\/?p=669"},"modified":"2008-09-22T16:19:17","modified_gmt":"2008-09-22T16:19:17","slug":"zinemardis_aamp_comanders_vii","status":"publish","type":"post","link":"https:\/\/blogs.diariovasco.com\/eljukebox\/2008\/09\/22\/zinemardis_aamp_comanders_vii\/","title":{"rendered":"Zinemardis &#038; Comanders (VII)"},"content":{"rendered":"<p><P>Alberto Moyano<\/P><br \/>\n<P>1) El terrorismo y todo lo que le acompa\u00f1a habitualmente pone cerco al Festival. En sentido metaf\u00f3rico, claro. Hoy se ha proyectado &#8216;Hunger&#8217;, sobre la huelga de hambre que protagonizaron los presos del IRA en la prisi\u00f3n de Maze a principios de los ochenta, y ma\u00f1ana llega la esperada &#8216;Tiro en la cabeza&#8217;.<\/P><br \/>\n<P>2) Ha pasado ya una semana desde que el protagonista de la pel\u00edcula de Jaime Rosales, el errenteriarra Jon Arretxe, contaba en un peri\u00f3dico madrile\u00f1o, as\u00ed como quien no quiere la cosa, su detenci\u00f3n hace 23 a\u00f1os en la misma redada en la que fue arrestado Mikel Zabalza, que apareci\u00f3 en el Bidasoa veinte d\u00edas m\u00e1s tarde.<\/P><br \/>\n<P>3) El relato de Arretxe era espeluznante e inclu\u00eda bosas en la cabeza, selladas con cinta aislante, golpes en los test\u00edculos y otras pr\u00e1cticas sin demasiado encaje en la legislaci\u00f3n vigente. Sin embargo, nadie se ha dado por aludido: ni un &#8220;es mentira&#8221;, ni un &#8220;es verdad&#8221;, ni una carta al director, ni un desmentido, ni una confirmaci\u00f3n. Y mira que quien calla otorga o no s\u00e9 qu\u00e9.<\/P><br \/>\n<P>4) &#8216;Hunger&#8217; se adentra en la prisi\u00f3n de Maze, un lugar que, como la alemana Stuttgart-Stammheim, ya forma parte de la topograf\u00eda europea del terror. La pel\u00edcula no ahorra detalle sobre la huelga de&nbsp;limpieza y manta, primero, y de hambre, despu\u00e9s, que mantuvieron los presos del IRA a comienzos de los a\u00f1os ochenta. Diez muertos y algunos a\u00f1os despu\u00e9s, una vez finalizada la protesta, sus demandas sobre el uniforme carcelario fueron atendidas, aunque de forma no oficial.&nbsp;<\/P><br \/>\n<P>5) Y m\u00e1s barrotes: &#8216;El patio de mi c\u00e1rcel&#8217;. Entretenida, bien interpretada y con un gui\u00f3n coherente, lo mejor que se puede decir de ella, en su conjunto, es que sin aportar nada de nuevo, tampoco chirr\u00eda en la competici\u00f3n. Dicho lo cual, va el aviso: puede que reciba palos por todas partes.<\/P><br \/>\n<P>6) Durante una secuencia que apenas dura unos segundos, aparece en escena una presa por terrorismo. Suficiente, en todo caso, como para que en la rueda de prensa se le preguntara a la directora por la aparici\u00f3n de la reclusa de ETA y si hab\u00eda dado permiso para que se repartiera una octavilla de Etxerat entre los periodistas asistentes. Bel\u00e9n Mac\u00edas respondi\u00f3: 1) La presa que aparece en la pel\u00edcula es de los Grapo; y 2) no sab\u00eda nada de la octavilla de Etxerat. Y el Festival, tampoco.<\/P><\/p>\n<!-- AddThis Advanced Settings generic via filter on the_content --><!-- AddThis Share Buttons generic via filter on the_content -->","protected":false},"excerpt":{"rendered":"<p>Alberto Moyano 1) El terrorismo y todo lo que le acompa\u00f1a habitualmente pone cerco al Festival. En sentido metaf\u00f3rico, claro. Hoy se ha proyectado &#8216;Hunger&#8217;, sobre la huelga de hambre que protagonizaron los presos del IRA en la prisi\u00f3n de Maze a principios de los ochenta, y ma\u00f1ana llega la esperada &#8216;Tiro en la cabeza&#8217;. [&hellip;]<!-- AddThis Advanced Settings generic via filter on get_the_excerpt --><!-- AddThis Share Buttons generic via filter on get_the_excerpt --><\/p>\n","protected":false},"author":37,"featured_media":0,"comment_status":"open","ping_status":"closed","sticky":false,"template":"","format":"standard","meta":[],"categories":[2],"tags":[5],"_links":{"self":[{"href":"https:\/\/blogs.diariovasco.com\/eljukebox\/wp-json\/wp\/v2\/posts\/669"}],"collection":[{"href":"https:\/\/blogs.diariovasco.com\/eljukebox\/wp-json\/wp\/v2\/posts"}],"about":[{"href":"https:\/\/blogs.diariovasco.com\/eljukebox\/wp-json\/wp\/v2\/types\/post"}],"author":[{"embeddable":true,"href":"https:\/\/blogs.diariovasco.com\/eljukebox\/wp-json\/wp\/v2\/users\/37"}],"replies":[{"embeddable":true,"href":"https:\/\/blogs.diariovasco.com\/eljukebox\/wp-json\/wp\/v2\/comments?post=669"}],"version-history":[{"count":0,"href":"https:\/\/blogs.diariovasco.com\/eljukebox\/wp-json\/wp\/v2\/posts\/669\/revisions"}],"wp:attachment":[{"href":"https:\/\/blogs.diariovasco.com\/eljukebox\/wp-json\/wp\/v2\/media?parent=669"}],"wp:term":[{"taxonomy":"category","embeddable":true,"href":"https:\/\/blogs.diariovasco.com\/eljukebox\/wp-json\/wp\/v2\/categories?post=669"},{"taxonomy":"post_tag","embeddable":true,"href":"https:\/\/blogs.diariovasco.com\/eljukebox\/wp-json\/wp\/v2\/tags?post=669"}],"curies":[{"name":"wp","href":"https:\/\/api.w.org\/{rel}","templated":true}]}}