{"id":688,"date":"2008-10-10T10:27:38","date_gmt":"2008-10-10T10:27:38","guid":{"rendered":"http:\/\/blogs.diariovasco.com\/eljukebox\/?p=688"},"modified":"2008-10-10T10:27:38","modified_gmt":"2008-10-10T10:27:38","slug":"el_nonostiarrismo_ies_un_humanismo","status":"publish","type":"post","link":"https:\/\/blogs.diariovasco.com\/eljukebox\/2008\/10\/10\/el_nonostiarrismo_ies_un_humanismo\/","title":{"rendered":"El \u00f1o\u00f1ostiarrismo, \u00bfes un humanismo?"},"content":{"rendered":"<p>Alberto Moyano<\/p>\n<p>El debate que suscit\u00f3 el programa de TeleDonosti &#8216;Keridos Monstruos&#8217; en torno al \u00f1o\u00f1ostiarrismo arroj\u00f3 resultados sorprendentes hasta el punto de que lleg\u00f3 a ponerse en duda la propia existencia de la especie. Despejemos la inc\u00f3gnita cuanto antes: el \u00f1o\u00f1ostiarra existe.<\/p>\n<p>Se trata de un individuo que, lejos del nihilismo, exhibe unos principios inquebrantables, a menos que peligre lo esencial. Por ejemplo: sus principios pueden ser m\u00e1s o menos discutibles, pero lo esencial es participar activamente en la izada de la bandera del 19 de enero en la Plaza de la Constituci\u00f3n. Si es condici\u00f3n sine qua non para ello compartir palillo y tablado con transexuales brasile\u00f1as, no dudar\u00e1 en someterse.<\/p>\n<p>El \u00f1o\u00f1ostiarra, adem\u00e1s, pasea y pasea, pero siempre de acuerdo a la liturgia establecida. As\u00ed, hace diez kil\u00f3metros en la cinta del gimnasio, pero si tiene que recorrer dos para desplazarse por la ciudad recurre al veh\u00edculo privado sin que le tiemble el pulso. Y pasea, s\u00ed, pero durante el fin de semana. Su territorio es La Concha y aleda\u00f1os. <\/p>\n<p>Lo hace con el jersey sobre los hombros -algo que seg\u00fan el escritor franc\u00e9s Frederic Beigbeder es propio de cobardes e impotentes- y con la misma actitud con la que recorre el resto del mundo: todo est\u00e1 bien, pero nada es comparable a lo m\u00edo. As\u00ed saluda a las innumerables amistades con las que se topa durante su paseo para, una vez despedidas, criticarlas con desd\u00e9n. De viaje por el extranjero, nada como Donostia, en donde se come como en ning\u00fan otro lugar.<\/p>\n<p>El \u00f1o\u00f1ostiarra adora su ciudad y considera que la Bilbao emergente constituye una alteraci\u00f3n del orden natural de las cosas. Critica a Od\u00f3n Elorza, pero en el fondo le aprecia: las propuestas del alcalde, de entrada, siempre criticadas, le hacen sentirse falsamente vanguardista, espantando as\u00ed el fantasma del retrocarca que lleva dentro. S\u00f3lo hay una cosa le inquieta: la sospecha de que, en lo m\u00e1s recondito de su coraz\u00f3n, ah\u00ed donde ni el psicoan\u00e1lisis alcanza, el alcalde prefiere Barcelona a San Sebasti\u00e1n.<\/p>\n<p>Otro rasgo del \u00f1o\u00f1ostiarra tipo es la na\u00fasea permanente que ronda su est\u00f3mago al contemplar las calles del centro -las \u00fanicas que pisan sus pies-. El motivo principal es la destrucci\u00f3n de la indentidad \u00f1o\u00f1ostiarra, resumida en la progresiva sustituci\u00f3n del comercio tradicional por la horrenda ola de boutiques. En este punto, el \u00f1o\u00f1ostiarra se santigua al pasar frente al antiguo local de Derby, ocupado ahora por una franquicia. Camiser\u00eda Aristizabal es su \u00faltimo refugio.<\/p>\n<p>Por lo dem\u00e1s, el \u00f1o\u00f1ostiarra adora los calendarios de Kutxa, pero conf\u00eda sus ahorros a la Laboral, no se pierde la \u00f3pera de la Quincena Musical -aunque en su fuero interno reconoce un cierto tedio- y observa perplejo el desenfadado atuendo con el que el p\u00fablico asiste a las proyecciones del Festival de Cine, evento que -est\u00e1 convencido el pobre- coloca a la Bella Easo ante la mirada del mundo entero.<\/p>\n<!-- AddThis Advanced Settings generic via filter on the_content --><!-- AddThis Share Buttons generic via filter on the_content -->","protected":false},"excerpt":{"rendered":"<p>Alberto Moyano El debate que suscit\u00f3 el programa de TeleDonosti &#8216;Keridos Monstruos&#8217; en torno al \u00f1o\u00f1ostiarrismo arroj\u00f3 resultados sorprendentes hasta el punto de que lleg\u00f3 a ponerse en duda la propia existencia de la especie. Despejemos la inc\u00f3gnita cuanto antes: el \u00f1o\u00f1ostiarra existe. Se trata de un individuo que, lejos del nihilismo, exhibe unos principios [&hellip;]<!-- AddThis Advanced Settings generic via filter on get_the_excerpt --><!-- AddThis Share Buttons generic via filter on get_the_excerpt --><\/p>\n","protected":false},"author":37,"featured_media":0,"comment_status":"open","ping_status":"closed","sticky":false,"template":"","format":"standard","meta":[],"categories":[2],"tags":[5],"_links":{"self":[{"href":"https:\/\/blogs.diariovasco.com\/eljukebox\/wp-json\/wp\/v2\/posts\/688"}],"collection":[{"href":"https:\/\/blogs.diariovasco.com\/eljukebox\/wp-json\/wp\/v2\/posts"}],"about":[{"href":"https:\/\/blogs.diariovasco.com\/eljukebox\/wp-json\/wp\/v2\/types\/post"}],"author":[{"embeddable":true,"href":"https:\/\/blogs.diariovasco.com\/eljukebox\/wp-json\/wp\/v2\/users\/37"}],"replies":[{"embeddable":true,"href":"https:\/\/blogs.diariovasco.com\/eljukebox\/wp-json\/wp\/v2\/comments?post=688"}],"version-history":[{"count":0,"href":"https:\/\/blogs.diariovasco.com\/eljukebox\/wp-json\/wp\/v2\/posts\/688\/revisions"}],"wp:attachment":[{"href":"https:\/\/blogs.diariovasco.com\/eljukebox\/wp-json\/wp\/v2\/media?parent=688"}],"wp:term":[{"taxonomy":"category","embeddable":true,"href":"https:\/\/blogs.diariovasco.com\/eljukebox\/wp-json\/wp\/v2\/categories?post=688"},{"taxonomy":"post_tag","embeddable":true,"href":"https:\/\/blogs.diariovasco.com\/eljukebox\/wp-json\/wp\/v2\/tags?post=688"}],"curies":[{"name":"wp","href":"https:\/\/api.w.org\/{rel}","templated":true}]}}