{"id":704,"date":"2008-10-23T11:56:46","date_gmt":"2008-10-23T11:56:46","guid":{"rendered":"http:\/\/blogs.diariovasco.com\/eljukebox\/?p=704"},"modified":"2008-10-23T11:56:46","modified_gmt":"2008-10-23T11:56:46","slug":"un_fantasma_recorre_donostia_el_nonostia","status":"publish","type":"post","link":"https:\/\/blogs.diariovasco.com\/eljukebox\/2008\/10\/23\/un_fantasma_recorre_donostia_el_nonostia\/","title":{"rendered":"Un fantasma recorre Donostia: el \u00f1o\u00f1ostiarrismo"},"content":{"rendered":"<p>Alberto Moyano<\/p>\n<p>Como lo prometido es deuda, el programa &#8216;Keridos Monstruos&#8217; de TeleDonostia reuni\u00f3 anoche a Teresa Cormenzana, Josean Larra\u00f1aga &#8216;Urko&#8217;, Dionisio P\u00e9rez-Villar, Nerea Salinas, Juan Mari Ma\u00f1ero y Juan Luis Etxeberria -fant\u00e1stica camiseta de &#8216;Yo no bailo&#8217;- para debatir en torno a la existencia, y en su caso potencialidades, del \u00f1o\u00f1ostiarrismo. Y el resultado fue enriquecedor hasta decir basta.<\/p>\n<p>El debate arranc\u00f3 en la definici\u00f3n de &#8216;\u00f1o\u00f1o&#8217; que figura en el Diccionario -&#8220;soso, de poca sustancia, persona sumamente apocada y de corto ingenio, caduco, choco&#8221;-, descripciones que de inmediato fueron acogidas con entusiasmo por parte de Etxeberria en su aplicaci\u00f3n donostiarra, y en diferentes grados por parte del resto de los contertulios.<\/p>\n<p>Cormenzana y Urko presentaron sendas enmiendas a la totalidad contra el calificativo por considerarlo despectivo, P\u00e9rez-Villar ni contempl\u00f3 la posibilidad someterlo a estudio, Salinas hizo gala de cintura a la hora de encajarlo y Ma\u00f1ero reconoci\u00f3 haber cambiado de opini\u00f3n tras abrir consultas con su madre.<\/p>\n<p>Por alguna raz\u00f3n que no qued\u00f3 clara, el debate se desliz\u00f3 hacia la falta de ambiente nocturno de la ciudad como s\u00edntoma de \u00f1o\u00f1ostiarrismo, de ah\u00ed salt\u00f3 al peso de la tradici\u00f3n europea en la ciudad para desembocar finalmente en la refutaci\u00f3n del t\u00e9rmino. <\/p>\n<p>&#8220;En Semana Grande, a las dos de la ma\u00f1ana no hay nadie en la calle porque somos as\u00ed&#8221;, vino a decir Urko, quedando en el aire la cuesti\u00f3n de por qu\u00e9 entonces las calles de Pamplona est\u00e1n llenas de donostiarras a las seis de la ma\u00f1ana en sanfermines, tal y como sucede en Irun en sanmarciales o en Errenteria en magdalenas.<\/p>\n<p>Las entrevistas a ciudadanos realizadas por las calles de la propia<br \/>\nDonostia y de Hondarribia, al igual que las llamadas telef\u00f3nicas de los<br \/>\noyentes, aportaron la conveniente carga de belicosidad al encuentro.<\/p>\n<p>El debate -que en esencia trataba de dilucidar hasta qu\u00e9 punto es \u00f1o\u00f1a una ciudad en la que hasta la intensidad de los vejigazos de gigantes y cabezudos es motivo de controversia- arroj\u00f3 conclusiones para todos los gustos: se propuso la instalaci\u00f3n de un casino y otras actividades l\u00fadicas en el actual Ayuntamiento, que ser\u00eda trasladado a Tabakalera; se anunci\u00f3 la extinci\u00f3n del \u00f1o\u00f1ostiarra, olvidando que la juventud es una enfermedad que se cura con la edad y que el &#8216;botellonista&#8217; de hoy puede ser el \u00f1o\u00f1ostiarra de ma\u00f1ana; se advirti\u00f3 del peligro de concurrir a la Capitalidad Cultural 2016 en calidad de &#8220;ciudad m\u00e1s \u00f1o\u00f1a de Europa&#8221;;&nbsp; se apost\u00f3 por aceptar el t\u00e9rmino con sentido del humor; y se anunci\u00f3 que, en el caso de que se vuelva a celebrar cualquier otra tertulia sobre este asunto, que no cuenten con ella (Cormenzana).<\/p>\n<!-- AddThis Advanced Settings generic via filter on the_content --><!-- AddThis Share Buttons generic via filter on the_content -->","protected":false},"excerpt":{"rendered":"<p>Alberto Moyano Como lo prometido es deuda, el programa &#8216;Keridos Monstruos&#8217; de TeleDonostia reuni\u00f3 anoche a Teresa Cormenzana, Josean Larra\u00f1aga &#8216;Urko&#8217;, Dionisio P\u00e9rez-Villar, Nerea Salinas, Juan Mari Ma\u00f1ero y Juan Luis Etxeberria -fant\u00e1stica camiseta de &#8216;Yo no bailo&#8217;- para debatir en torno a la existencia, y en su caso potencialidades, del \u00f1o\u00f1ostiarrismo. Y el resultado [&hellip;]<!-- AddThis Advanced Settings generic via filter on get_the_excerpt --><!-- AddThis Share Buttons generic via filter on get_the_excerpt --><\/p>\n","protected":false},"author":37,"featured_media":0,"comment_status":"open","ping_status":"closed","sticky":false,"template":"","format":"standard","meta":[],"categories":[2],"tags":[5],"_links":{"self":[{"href":"https:\/\/blogs.diariovasco.com\/eljukebox\/wp-json\/wp\/v2\/posts\/704"}],"collection":[{"href":"https:\/\/blogs.diariovasco.com\/eljukebox\/wp-json\/wp\/v2\/posts"}],"about":[{"href":"https:\/\/blogs.diariovasco.com\/eljukebox\/wp-json\/wp\/v2\/types\/post"}],"author":[{"embeddable":true,"href":"https:\/\/blogs.diariovasco.com\/eljukebox\/wp-json\/wp\/v2\/users\/37"}],"replies":[{"embeddable":true,"href":"https:\/\/blogs.diariovasco.com\/eljukebox\/wp-json\/wp\/v2\/comments?post=704"}],"version-history":[{"count":0,"href":"https:\/\/blogs.diariovasco.com\/eljukebox\/wp-json\/wp\/v2\/posts\/704\/revisions"}],"wp:attachment":[{"href":"https:\/\/blogs.diariovasco.com\/eljukebox\/wp-json\/wp\/v2\/media?parent=704"}],"wp:term":[{"taxonomy":"category","embeddable":true,"href":"https:\/\/blogs.diariovasco.com\/eljukebox\/wp-json\/wp\/v2\/categories?post=704"},{"taxonomy":"post_tag","embeddable":true,"href":"https:\/\/blogs.diariovasco.com\/eljukebox\/wp-json\/wp\/v2\/tags?post=704"}],"curies":[{"name":"wp","href":"https:\/\/api.w.org\/{rel}","templated":true}]}}