{"id":72,"date":"2006-03-24T12:25:14","date_gmt":"2006-03-24T12:25:14","guid":{"rendered":"http:\/\/blogs.diariovasco.com\/eljukebox\/?p=72"},"modified":"2006-03-24T12:25:14","modified_gmt":"2006-03-24T12:25:14","slug":"volamos_hacia_madrid","status":"publish","type":"post","link":"https:\/\/blogs.diariovasco.com\/eljukebox\/2006\/03\/24\/volamos_hacia_madrid\/","title":{"rendered":"Volamos hacia Madrid"},"content":{"rendered":"<p>Alberto Moyano<\/p>\n<p>Un repaso a las audiencias televisivas del mi\u00e9rcoles santo permite<br \/>\ncomprobar que aqu\u00ed, al menos , algunas cosas nunca cambian. Al margen<br \/>\nde las permanentes dudas sobre la credibilidad que merecen los sistemas<br \/>\nde control de audiencias televisivas y del hecho de que nadie conoce a<br \/>\nalguien que tenga un aparatito de esos en su casa, queda constatado que<br \/>\nel d\u00eda en el que ETA anunciaba su alto el fuego el programa m\u00e1s visto<br \/>\nfue &#8216;Camera Caf\u00e9&#8217;, de Tele 5. <br \/>\n&#8216;Camera Caf\u00e9&#8217; es un espacio en el que unos actores interpretan un gui\u00f3n<br \/>\ndelante de una c\u00e1mara fija, en plano constante, y que intentan<br \/>\nalegrarnos el d\u00eda. Dicho as\u00ed, puede parecer que es b\u00e1sicamente lo mismo<br \/>\nque el v\u00eddeo de los encapuchados. Pero no.<br \/>\nLos siguientes espacios m\u00e1s vistos fueron &#8216;Los Serrano&#8217;, &#8216;Aqu\u00ed no hay<br \/>\nquien viva&#8217;, &#8216;\u00a1All\u00e1 t\u00fa!&#8217;, Los Simpson&#8217; y &#8216;Aqu\u00ed hay tomate&#8217;.&nbsp; En el<br \/>\nPa\u00eds Vasco, fueron b\u00e1sicamente las mismas, con la excepci\u00f3n del<br \/>\nInformativo de las 21.00 horas de Telecinco, que fue el cuarto espacio<br \/>\nm\u00e1s visto. Sin embargo, no se equivoquen. Esto es lo normal en una<br \/>\nsociedad madura. El esc\u00e1ndalo consiste en que &#8220;\u00a1los j\u00f3venes espa\u00f1oles<br \/>\nhacen botell\u00f3n mientras los franceses luchan por sus derechos!&#8221;. <br \/>\nY habr\u00e1 que ver las audiencias de hoy, viernes, con Roc\u00edo Jurado<br \/>\ningresada en Madrid despu\u00e9s de un vuelo que ser\u00e1, sin duda, la \u00faltima<br \/>\nvez que no tendr\u00e1 periodistas a menos de un kil\u00f3metro de distancia.<\/p>\n<!-- AddThis Advanced Settings generic via filter on the_content --><!-- AddThis Share Buttons generic via filter on the_content -->","protected":false},"excerpt":{"rendered":"<p>Alberto Moyano Un repaso a las audiencias televisivas del mi\u00e9rcoles santo permite comprobar que aqu\u00ed, al menos , algunas cosas nunca cambian. Al margen de las permanentes dudas sobre la credibilidad que merecen los sistemas de control de audiencias televisivas y del hecho de que nadie conoce a alguien que tenga un aparatito de esos [&hellip;]<!-- AddThis Advanced Settings generic via filter on get_the_excerpt --><!-- AddThis Share Buttons generic via filter on get_the_excerpt --><\/p>\n","protected":false},"author":37,"featured_media":0,"comment_status":"open","ping_status":"closed","sticky":false,"template":"","format":"standard","meta":[],"categories":[2],"tags":[5],"_links":{"self":[{"href":"https:\/\/blogs.diariovasco.com\/eljukebox\/wp-json\/wp\/v2\/posts\/72"}],"collection":[{"href":"https:\/\/blogs.diariovasco.com\/eljukebox\/wp-json\/wp\/v2\/posts"}],"about":[{"href":"https:\/\/blogs.diariovasco.com\/eljukebox\/wp-json\/wp\/v2\/types\/post"}],"author":[{"embeddable":true,"href":"https:\/\/blogs.diariovasco.com\/eljukebox\/wp-json\/wp\/v2\/users\/37"}],"replies":[{"embeddable":true,"href":"https:\/\/blogs.diariovasco.com\/eljukebox\/wp-json\/wp\/v2\/comments?post=72"}],"version-history":[{"count":0,"href":"https:\/\/blogs.diariovasco.com\/eljukebox\/wp-json\/wp\/v2\/posts\/72\/revisions"}],"wp:attachment":[{"href":"https:\/\/blogs.diariovasco.com\/eljukebox\/wp-json\/wp\/v2\/media?parent=72"}],"wp:term":[{"taxonomy":"category","embeddable":true,"href":"https:\/\/blogs.diariovasco.com\/eljukebox\/wp-json\/wp\/v2\/categories?post=72"},{"taxonomy":"post_tag","embeddable":true,"href":"https:\/\/blogs.diariovasco.com\/eljukebox\/wp-json\/wp\/v2\/tags?post=72"}],"curies":[{"name":"wp","href":"https:\/\/api.w.org\/{rel}","templated":true}]}}