{"id":773,"date":"2009-01-06T11:29:46","date_gmt":"2009-01-06T11:29:46","guid":{"rendered":"http:\/\/blogs.diariovasco.com\/eljukebox\/?p=773"},"modified":"2009-01-06T11:29:46","modified_gmt":"2009-01-06T11:29:46","slug":"ciego_en_gaza","status":"publish","type":"post","link":"https:\/\/blogs.diariovasco.com\/eljukebox\/2009\/01\/06\/ciego_en_gaza\/","title":{"rendered":"Ciego en Gaza"},"content":{"rendered":"<p><P>1) La forma m\u00e1s precisa de identificar&nbsp;cu\u00e1l es la noticia del d\u00eda consiste en&nbsp;medir la cantidad de periodismo-quincalla que se acumula a su alrededor. Desde este punto de vista, no hay duda: la franja de Gaza es la capital de la informaci\u00f3n desde hace al menos una semana.<\/P><br \/>\n<P>2) La primera paradoja consiste en contemplar&nbsp;c\u00f3mo los mismos&nbsp;tertulianos y columnistas que dedican largas oraciones compuestas a diseccionar hasta en sus m\u00e1s \u00ednfimos detalles&nbsp;la situaci\u00f3n en la franja de Gaza, claman a continuaci\u00f3n contra&nbsp;la falta de informaci\u00f3n sobre lo que realmente est\u00e1 ocurriendo en la zona. La pregunta obvia es: \u00bfy qu\u00e9 importancia puede tener que haya o no bloqueo informativo para qui\u00e9n ya lo sabe todo?&nbsp;<\/P><br \/>\n<P>3) La segunda paradoja estriba en que los mismos parloteadores que consideran inadmisible comparar las m\u00e1s de 500 v\u00edctimas causadas por el Ej\u00e9rcito israel\u00ed con el pu\u00f1ado de bajas provocadas por los cohetes de Hamas, ejecutan sin sonrojo alguno el triple salto mortal -\u00bfy moral?- de asegurar que se est\u00e1 perpetrando un nuevo holocausto.<\/P><br \/>\n<P>4) El disparate es un subg\u00e9nero period\u00edstico a evitar, pero si tal cosa resultara imposible, al menos, cabr\u00eda exigir un m\u00ednimo de originalidad. As\u00ed, resulta asombroso que a\u00fan haya analistas internacionales dispuestos a comparecer ante los micr\u00f3fonos para equiparar Gaza con el guetto de Varsovia, Gaza con Auschwitz o Gaza con Treblinka. De hecho, los m\u00e1s osados ya han hecho aflorar la palabra &#8216;genocidio&#8217;.<\/P><br \/>\n<P>5) La patra\u00f1a obedece m\u00e1s a los deseos de enormidad que a eso que conocemos como ignorancia acabada. El establecimiento como una verdad incontrovertible que los palestinos est\u00e1n siendo exterminados&nbsp;da paso al siguiente acto del esperpento, en el que el observador frunce el ce\u00f1o mientras se acaricia distra\u00eddamente el ment\u00f3n para proclamar con gran pesar aquello de &#8220;qu\u00e9 curioso: los jud\u00edos est\u00e1n haciendo a los palestinos lo mismo que los nazis les hicieron a ellos&#8221;.<\/P><br \/>\n<P>6) Debe ser una forma de escurrir el bulto, ya que quiz\u00e1s la comparaci\u00f3n m\u00e1s pertinente se estableciera en relaci\u00f3n con lo que Espa\u00f1a hizo a los jud\u00edos. Por lo dem\u00e1s, la realidad resulta mucho m\u00e1s modesta. En lo que a Oriente Medio se refiere, la mayor matanza de palestinos -cifrada en decenas de miles de v\u00edctimas-&nbsp;fue la perpetrada por Jordania en septiembre de 1970, lo cual no ha evitado que hoy permanezca instalada en el limbo del olvido. <\/P><br \/>\n<P>7) En el caso del conflicto palestino-isralel\u00ed, incluso los antecedentes m\u00e1s recientes&nbsp;aconsejar\u00edan una precauci\u00f3n extrema en los an\u00e1lisis que, a d\u00eda de hoy, parece imposible: en la llamada batalla de Jen\u00edn de 2002, volvi\u00f3 a hablarse una vez m\u00e1s de los inevitables guettos de Varsovia y campos de exterminio. El informe de la ONU estableci\u00f3 posteriormente la cifra de bajas&nbsp;en 52 palestinos y 23 israel\u00edes.<\/P><br \/>\n<P>8) Toda esta larga parrafada no pretende ser una defensa o justificaci\u00f3n de la invasi\u00f3n israel\u00ed de Gaza, ni mucho menos. M\u00e1s bien se queda en una peque\u00f1a enmienda al periodismo hiperperezoso que cada ma\u00f1ana nos pone sobre la mesa nuestra cotidiana raci\u00f3n de forraje informativo, en la que las relaciones causa-efecto, los conceptos de los buenos y los malos y las entelequias como &#8220;respuesta desproporcionada&#8221; aparecen dibujados con una nitidez que, cuanto menos, atufa a infantilismo.<\/P><\/p>\n<!-- AddThis Advanced Settings generic via filter on the_content --><!-- AddThis Share Buttons generic via filter on the_content -->","protected":false},"excerpt":{"rendered":"<p>1) La forma m\u00e1s precisa de identificar&nbsp;cu\u00e1l es la noticia del d\u00eda consiste en&nbsp;medir la cantidad de periodismo-quincalla que se acumula a su alrededor. Desde este punto de vista, no hay duda: la franja de Gaza es la capital de la informaci\u00f3n desde hace al menos una semana. 2) La primera paradoja consiste en contemplar&nbsp;c\u00f3mo [&hellip;]<!-- AddThis Advanced Settings generic via filter on get_the_excerpt --><!-- AddThis Share Buttons generic via filter on get_the_excerpt --><\/p>\n","protected":false},"author":37,"featured_media":0,"comment_status":"open","ping_status":"closed","sticky":false,"template":"","format":"standard","meta":[],"categories":[2],"tags":[5],"_links":{"self":[{"href":"https:\/\/blogs.diariovasco.com\/eljukebox\/wp-json\/wp\/v2\/posts\/773"}],"collection":[{"href":"https:\/\/blogs.diariovasco.com\/eljukebox\/wp-json\/wp\/v2\/posts"}],"about":[{"href":"https:\/\/blogs.diariovasco.com\/eljukebox\/wp-json\/wp\/v2\/types\/post"}],"author":[{"embeddable":true,"href":"https:\/\/blogs.diariovasco.com\/eljukebox\/wp-json\/wp\/v2\/users\/37"}],"replies":[{"embeddable":true,"href":"https:\/\/blogs.diariovasco.com\/eljukebox\/wp-json\/wp\/v2\/comments?post=773"}],"version-history":[{"count":0,"href":"https:\/\/blogs.diariovasco.com\/eljukebox\/wp-json\/wp\/v2\/posts\/773\/revisions"}],"wp:attachment":[{"href":"https:\/\/blogs.diariovasco.com\/eljukebox\/wp-json\/wp\/v2\/media?parent=773"}],"wp:term":[{"taxonomy":"category","embeddable":true,"href":"https:\/\/blogs.diariovasco.com\/eljukebox\/wp-json\/wp\/v2\/categories?post=773"},{"taxonomy":"post_tag","embeddable":true,"href":"https:\/\/blogs.diariovasco.com\/eljukebox\/wp-json\/wp\/v2\/tags?post=773"}],"curies":[{"name":"wp","href":"https:\/\/api.w.org\/{rel}","templated":true}]}}