{"id":776,"date":"2009-01-08T16:52:41","date_gmt":"2009-01-08T16:52:41","guid":{"rendered":"http:\/\/blogs.diariovasco.com\/eljukebox\/?p=776"},"modified":"2009-01-08T16:52:41","modified_gmt":"2009-01-08T16:52:41","slug":"aznarina_de_tercera_generacion","status":"publish","type":"post","link":"https:\/\/blogs.diariovasco.com\/eljukebox\/2009\/01\/08\/aznarina_de_tercera_generacion\/","title":{"rendered":"Aznarina de tercera generaci\u00f3n"},"content":{"rendered":"<p>Tanto el triunfo electoral de Obama como el postmandato de Aznar se estudiar\u00e1n durante a\u00f1os en las facultades de Ciencias, Pol\u00edticas en el primer caso, Ocultas en el del segundo. Nuestro Jos\u00e9 Mar\u00eda es el resultado que se obtiene cuando a la palabra Pensamiento le precede la de Tanque.<\/p>\n<p>Anticip\u00e1ndose a los numerosos manuales que analizar\u00e1n al dedillo la campa\u00f1a electoral de Obama como ejemplo mod\u00e9lico, Aznar aborda &#8216;Vanity Fair&#8217; para desmontar el mito y reducir el acierto estrat\u00e9gico a una cuesti\u00f3n de &#8220;exotismo hist\u00f3rico&#8221;. <\/p>\n<p>Hay palabras que las carga el diablo y en el caso de seg\u00fan qu\u00e9 bocas, de uranio enriquecido. Por ejemplo, la melena caoba m\u00e1s importante de Occidente dice &#8220;exostismo&#8221; y es como si Freddy Krueger exclamara &#8220;sierra mec\u00e1nica&#8221;. En cuanto a lo de &#8220;hist\u00f3rico&#8221;, baste recordar que Aznar era aqu\u00e9l que intent\u00f3 introducir a Espa\u00f1a en la Historia por el ojo de las Azores.<\/p>\n<p>Desde que prefiri\u00f3 a Rajoy frente a Rato para ponerle la Moncloa a huevo y el gran Mariano inaugur\u00f3 su colecci\u00f3n de fracasos estrepitosos, Aznar ha entrado en una espiral autodestructiva de la que ni siquiera la Botella ha logrado sustraerle. Primero cuestion\u00f3 la inconveniencia de combinar alcohol y conducci\u00f3n, luego neg\u00f3 el cambio clim\u00e1tico y finalmente se empecin\u00f3 en la est\u00e9ril tarea de convertir a Bush en un estadista, justo cuando ni ya George W. ten\u00eda \u00e1nimos para reivindicarse. <\/p>\n<p>Ahora, desde el epicentro de la crisis m\u00e1s grave desde la del 29, la melena incorrupta m\u00e1s famosa de Georgetown insiste en que Obama llevar\u00e1 al desastre la econom\u00eda. Ser\u00e1 si es que queda alguna tras el mandato de Bush. <\/p>\n<p>En todo caso, toda esta sucesi\u00f3n de desprop\u00f3sitos tendr\u00e1 consecuencias pol\u00edticas: el d\u00eda en el que el PP se segregue de la FAES, Rajoy se lanzar\u00e1 disparado hacia el centro como si saliera de un tiragomas.<\/p>\n<!-- AddThis Advanced Settings generic via filter on the_content --><!-- AddThis Share Buttons generic via filter on the_content -->","protected":false},"excerpt":{"rendered":"<p>Tanto el triunfo electoral de Obama como el postmandato de Aznar se estudiar\u00e1n durante a\u00f1os en las facultades de Ciencias, Pol\u00edticas en el primer caso, Ocultas en el del segundo. Nuestro Jos\u00e9 Mar\u00eda es el resultado que se obtiene cuando a la palabra Pensamiento le precede la de Tanque. Anticip\u00e1ndose a los numerosos manuales que [&hellip;]<!-- AddThis Advanced Settings generic via filter on get_the_excerpt --><!-- AddThis Share Buttons generic via filter on get_the_excerpt --><\/p>\n","protected":false},"author":37,"featured_media":0,"comment_status":"open","ping_status":"closed","sticky":false,"template":"","format":"standard","meta":[],"categories":[2],"tags":[5],"_links":{"self":[{"href":"https:\/\/blogs.diariovasco.com\/eljukebox\/wp-json\/wp\/v2\/posts\/776"}],"collection":[{"href":"https:\/\/blogs.diariovasco.com\/eljukebox\/wp-json\/wp\/v2\/posts"}],"about":[{"href":"https:\/\/blogs.diariovasco.com\/eljukebox\/wp-json\/wp\/v2\/types\/post"}],"author":[{"embeddable":true,"href":"https:\/\/blogs.diariovasco.com\/eljukebox\/wp-json\/wp\/v2\/users\/37"}],"replies":[{"embeddable":true,"href":"https:\/\/blogs.diariovasco.com\/eljukebox\/wp-json\/wp\/v2\/comments?post=776"}],"version-history":[{"count":0,"href":"https:\/\/blogs.diariovasco.com\/eljukebox\/wp-json\/wp\/v2\/posts\/776\/revisions"}],"wp:attachment":[{"href":"https:\/\/blogs.diariovasco.com\/eljukebox\/wp-json\/wp\/v2\/media?parent=776"}],"wp:term":[{"taxonomy":"category","embeddable":true,"href":"https:\/\/blogs.diariovasco.com\/eljukebox\/wp-json\/wp\/v2\/categories?post=776"},{"taxonomy":"post_tag","embeddable":true,"href":"https:\/\/blogs.diariovasco.com\/eljukebox\/wp-json\/wp\/v2\/tags?post=776"}],"curies":[{"name":"wp","href":"https:\/\/api.w.org\/{rel}","templated":true}]}}