{"id":791,"date":"2009-01-27T10:23:17","date_gmt":"2009-01-27T10:23:17","guid":{"rendered":"http:\/\/blogs.diariovasco.com\/eljukebox\/?p=791"},"modified":"2009-01-27T10:23:17","modified_gmt":"2009-01-27T10:23:17","slug":"usted_pregunta_y_zp_declama","status":"publish","type":"post","link":"https:\/\/blogs.diariovasco.com\/eljukebox\/2009\/01\/27\/usted_pregunta_y_zp_declama\/","title":{"rendered":"Usted pregunta y ZP declama"},"content":{"rendered":"<p>La comparecencia del presidente Rodr\u00edguez Zapatero anoche en el programa &#8216;Tengo una pregunta para usted&#8217; fue un perfecto monumento a la incomunicaci\u00f3n desarrollado en la \u00fanica lengua oficial en la totalidad del territorio.<\/p>\n<p>Frente a la dram\u00e1tica casu\u00edstica particular expuesta en la mayor\u00eda de las intervenciones ciudadanas, ZP opt\u00f3 por la apertura ZP, consistente en convertir la supuestamente gloriosa trayectoria nacional en clavo ardiendo. En realidad, las preguntas fueron singulares, mientras que las respuestas resultaron perfectamente intercambiables. La que el presidente dio al empresario de la construcci\u00f3n con el agua al cuello serv\u00eda igualmente para contestar a la administrativa en paro y viceversa.<\/p>\n<p>Sobre la mesa se pusieron un buen n\u00famero de casos ilustrativos de c\u00f3mo afecta la crisis al peat\u00f3n en particular. La respuesta fue siempre un muro impermeable levantado a base de &#8220;conozco este pa\u00eds y su historia, y estoy convencido de que saldremos fortalecidos&#8221;. Qui\u00e9n pagar\u00e1 la hipoteca los pr\u00f3ximos doce meses o de qu\u00e9 vivir\u00e1n los desempleados que han agotado el subsidio de desempleo es algo que no qued\u00f3 del todo claro.<\/p>\n<p>Sin embargo, el hecho de que ZP exhibiera sin pudor toda su impotencia no debe ocultar su condici\u00f3n de inevitable. Ante la pregunta &#8220;estoy en el paro, \u00bfqu\u00e9 hago?&#8221;, no cabe en democracia una respuesta sensata.<\/p>\n<p>Por lo dem\u00e1s, el programa result\u00f3 plano. Toda desgracia recibi\u00f3 su palmada en el hombro; toda precariedad encontr\u00f3 su correspondiente mensaje de optimismo; toda urgencia, su consejo paciente. Las intervenciones se podr\u00edan haber prolongado hasta el amanecer y Zapatero no hubiera alterado un \u00e1pice su discurso.<\/p>\n<p>El minuto de oro correspondi\u00f3 a una joven con s\u00edndrome de Down, que reclam\u00f3 mayor visibilidad para los suyos en la administraci\u00f3n y que, en un ejercicio de infinita candidez, se pregunt\u00f3 en voz alta por qu\u00e9 no hay ning\u00fan discapacitado mental entre los ocupantes del Congreso. Lo cierto es que debe haberlos. Bancadas enteras. Otra cosa es que est\u00e9n a\u00fan por diagnosticar.<\/p>\n<!-- AddThis Advanced Settings generic via filter on the_content --><!-- AddThis Share Buttons generic via filter on the_content -->","protected":false},"excerpt":{"rendered":"<p>La comparecencia del presidente Rodr\u00edguez Zapatero anoche en el programa &#8216;Tengo una pregunta para usted&#8217; fue un perfecto monumento a la incomunicaci\u00f3n desarrollado en la \u00fanica lengua oficial en la totalidad del territorio. Frente a la dram\u00e1tica casu\u00edstica particular expuesta en la mayor\u00eda de las intervenciones ciudadanas, ZP opt\u00f3 por la apertura ZP, consistente en [&hellip;]<!-- AddThis Advanced Settings generic via filter on get_the_excerpt --><!-- AddThis Share Buttons generic via filter on get_the_excerpt --><\/p>\n","protected":false},"author":37,"featured_media":0,"comment_status":"open","ping_status":"closed","sticky":false,"template":"","format":"standard","meta":[],"categories":[2],"tags":[5],"_links":{"self":[{"href":"https:\/\/blogs.diariovasco.com\/eljukebox\/wp-json\/wp\/v2\/posts\/791"}],"collection":[{"href":"https:\/\/blogs.diariovasco.com\/eljukebox\/wp-json\/wp\/v2\/posts"}],"about":[{"href":"https:\/\/blogs.diariovasco.com\/eljukebox\/wp-json\/wp\/v2\/types\/post"}],"author":[{"embeddable":true,"href":"https:\/\/blogs.diariovasco.com\/eljukebox\/wp-json\/wp\/v2\/users\/37"}],"replies":[{"embeddable":true,"href":"https:\/\/blogs.diariovasco.com\/eljukebox\/wp-json\/wp\/v2\/comments?post=791"}],"version-history":[{"count":0,"href":"https:\/\/blogs.diariovasco.com\/eljukebox\/wp-json\/wp\/v2\/posts\/791\/revisions"}],"wp:attachment":[{"href":"https:\/\/blogs.diariovasco.com\/eljukebox\/wp-json\/wp\/v2\/media?parent=791"}],"wp:term":[{"taxonomy":"category","embeddable":true,"href":"https:\/\/blogs.diariovasco.com\/eljukebox\/wp-json\/wp\/v2\/categories?post=791"},{"taxonomy":"post_tag","embeddable":true,"href":"https:\/\/blogs.diariovasco.com\/eljukebox\/wp-json\/wp\/v2\/tags?post=791"}],"curies":[{"name":"wp","href":"https:\/\/api.w.org\/{rel}","templated":true}]}}