{"id":805,"date":"2009-02-11T11:32:57","date_gmt":"2009-02-11T11:32:57","guid":{"rendered":"http:\/\/blogs.diariovasco.com\/eljukebox\/?p=805"},"modified":"2009-02-11T11:32:57","modified_gmt":"2009-02-11T11:32:57","slug":"luz_en_el_tunel_la_crisis_terminara_cuan","status":"publish","type":"post","link":"https:\/\/blogs.diariovasco.com\/eljukebox\/2009\/02\/11\/luz_en_el_tunel_la_crisis_terminara_cuan\/","title":{"rendered":"Luz en el t\u00fanel: la crisis terminar\u00e1 cuando acabe"},"content":{"rendered":"<p>El presidente Zapatero se desplaz\u00f3 ayer por fin hasta el Congreso para debatir sobre la crisis econ\u00f3mica y, de paso, admitir por sorpresa que es &#8220;arriesgado&#8221; precedir cu\u00e1ndo terminar\u00e1. <\/p>\n<p>En realidad, no debe serlo mucho cuando el propio ZP ha fijado sucesivamente y por lo visto sin demasiada base el fin de la recesi\u00f3n para el primer trimestre, para el primer semestre, para fin de a\u00f1o y para comienzos del que viene, sin que la confirmaci\u00f3n de que estaba siempre equivocado le haya acarreado mayores consecuencias. <\/p>\n<p>A un ritmo de 7.000 parados m\u00e1s cada d\u00eda, el presidente juega con las fechas y modifica los plazos con la despreocupaci\u00f3n del alba\u00f1il que llama puntualmente al terminar la jornada para comunicarnos que ma\u00f1ana se pasa definitivamente y sin falta.<\/p>\n<p>En todo caso, a estas alturas del a\u00f1o la acumulaci\u00f3n de predicciones err\u00f3neas por parte de Solbes y su jefe han conseguido que captemos a la perfecci\u00f3n el mensaje: nadie tiene repajolera idea de cu\u00e1ndo terminar\u00e1 la crisis, pero lo m\u00e1s probable es que acabe cuando finalice.<\/p>\n<p>Mucho m\u00e1s punzante estuvo Rajoy. Desmintiendo esa aureola de indolente que le acompa\u00f1a all\u00e1 donde va, Mariano ech\u00f3 mano de las ense\u00f1anzas de &#8216;El extra\u00f1o caso de Benjamin Button&#8217; para avanzar hacia atr\u00e1s en el tiempo y presentarse en el Congreso con la respuesta a la intervenci\u00f3n de ZP escrita y fotocopiada cuando \u00e9sta a\u00fan no se hab\u00eda producido. En artes esc\u00e9nicas, a esto se le llama teatro del absurdo; en psiquiatr\u00eda, di\u00e1logo de besugos. <\/p>\n<p>Por otra parte, nadie podr\u00e1 reprochar a Rajoy que las reyertas internas en el PP le hayan robado un minuto de su tiempo a la crisis. De hecho, los ejercicios de escapismo que a diario se ve obligado a realizar el gran Rajoy har\u00edan palidecer de envidia al mism\u00edsimo Houdini por la naturalidad con la los ejecuta y su infinita capacidad de ampliar el repertorio.<\/p>\n<p>El debate de ayer no sirvi\u00f3 para aclarar gran cosa en torno a la situaci\u00f3n econ\u00f3mica pero s\u00ed confirm\u00f3 lo que ya todos sospech\u00e1bamos y que se puede resumir en el siguiente mensaje: &#8220;No sabemos cu\u00e1ndo se producir\u00e1 la recuperaci\u00f3n econ\u00f3mica pero descuiden: ese d\u00eda, nosotros, sus se\u00f1or\u00edas, seguiremos aqu\u00ed&#8221;.<\/p>\n<!-- AddThis Advanced Settings generic via filter on the_content --><!-- AddThis Share Buttons generic via filter on the_content -->","protected":false},"excerpt":{"rendered":"<p>El presidente Zapatero se desplaz\u00f3 ayer por fin hasta el Congreso para debatir sobre la crisis econ\u00f3mica y, de paso, admitir por sorpresa que es &#8220;arriesgado&#8221; precedir cu\u00e1ndo terminar\u00e1. En realidad, no debe serlo mucho cuando el propio ZP ha fijado sucesivamente y por lo visto sin demasiada base el fin de la recesi\u00f3n para [&hellip;]<!-- AddThis Advanced Settings generic via filter on get_the_excerpt --><!-- AddThis Share Buttons generic via filter on get_the_excerpt --><\/p>\n","protected":false},"author":37,"featured_media":0,"comment_status":"open","ping_status":"closed","sticky":false,"template":"","format":"standard","meta":[],"categories":[2],"tags":[5],"_links":{"self":[{"href":"https:\/\/blogs.diariovasco.com\/eljukebox\/wp-json\/wp\/v2\/posts\/805"}],"collection":[{"href":"https:\/\/blogs.diariovasco.com\/eljukebox\/wp-json\/wp\/v2\/posts"}],"about":[{"href":"https:\/\/blogs.diariovasco.com\/eljukebox\/wp-json\/wp\/v2\/types\/post"}],"author":[{"embeddable":true,"href":"https:\/\/blogs.diariovasco.com\/eljukebox\/wp-json\/wp\/v2\/users\/37"}],"replies":[{"embeddable":true,"href":"https:\/\/blogs.diariovasco.com\/eljukebox\/wp-json\/wp\/v2\/comments?post=805"}],"version-history":[{"count":0,"href":"https:\/\/blogs.diariovasco.com\/eljukebox\/wp-json\/wp\/v2\/posts\/805\/revisions"}],"wp:attachment":[{"href":"https:\/\/blogs.diariovasco.com\/eljukebox\/wp-json\/wp\/v2\/media?parent=805"}],"wp:term":[{"taxonomy":"category","embeddable":true,"href":"https:\/\/blogs.diariovasco.com\/eljukebox\/wp-json\/wp\/v2\/categories?post=805"},{"taxonomy":"post_tag","embeddable":true,"href":"https:\/\/blogs.diariovasco.com\/eljukebox\/wp-json\/wp\/v2\/tags?post=805"}],"curies":[{"name":"wp","href":"https:\/\/api.w.org\/{rel}","templated":true}]}}