{"id":814,"date":"2009-02-17T15:50:53","date_gmt":"2009-02-17T15:50:53","guid":{"rendered":"http:\/\/blogs.diariovasco.com\/eljukebox\/?p=814"},"modified":"2009-02-17T15:50:53","modified_gmt":"2009-02-17T15:50:53","slug":"el_auge_del_pensamiento_seropositivo","status":"publish","type":"post","link":"https:\/\/blogs.diariovasco.com\/eljukebox\/2009\/02\/17\/el_auge_del_pensamiento_seropositivo\/","title":{"rendered":"El auge del pensamiento seropositivo"},"content":{"rendered":"<p>El peri\u00f3dico trae hoy muchas noticias malas y una deprimente: el pensamiento positivo est\u00e1 en auge. A pesar de que la realidad, y no el desodorante, es lo \u00fanico que te acompa\u00f1ar\u00e1 durante todo el d\u00eda, aumentan los partidarios de negarla.<\/p>\n<p>Y es que al socaire del derrumbe de las doctrinas que apostaban por transformar la realidad, crecen las seudo-disciplinas que apuestan por alterar su percepci\u00f3n. Recurrir al &#8216;coach&#8217; es lo mismo que darse un toque con la colonia de los seductores, pero en versi\u00f3n mejorada ya que encima permite al usuario creerse muy espiritual.<\/p>\n<p>Aunque parezca mentira, a\u00fan es necesario recordar que sentirse atribulado, confundido, alienado, agobiado, colapsado, hundido o abrumado s\u00f3lo son formas de estar vivos, y que no saber qu\u00e9 decisi\u00f3n tomar o sentirse aplastado por la responsabilidad son episodios tan inevitables como envejecer un poco cada d\u00eda.<\/p>\n<p>Sin embargo, para el ficus pusil\u00e1nime en el que se ha convertido el hombre moderno, cada disturbio es a la vez s\u00edntoma de una patolog\u00eda difusa y prueba de la imposibilidad de estar a la altura de los acontecimientos. El objetivo confeso del pensamiento positivo es alcanzar la paz perpetua por medio de la calma fisiol\u00f3gica y mental; el inconfeso, hacer de oro a sus ap\u00f3stoles pulsando las debilidades del cliente.<\/p>\n<p>El pensamiento positivo no es lo contrario del pensamiento negativo, sino del pensamiento l\u00facido. En realidad, su margen de maniobra es estrecho porque lo \u00fanico seguro es que todos vamos a morir. Mientras tanto, b\u00fasquese un trabajo honrado e intente mantener el decoro.<br \/>&nbsp;<\/p>\n<!-- AddThis Advanced Settings generic via filter on the_content --><!-- AddThis Share Buttons generic via filter on the_content -->","protected":false},"excerpt":{"rendered":"<p>El peri\u00f3dico trae hoy muchas noticias malas y una deprimente: el pensamiento positivo est\u00e1 en auge. A pesar de que la realidad, y no el desodorante, es lo \u00fanico que te acompa\u00f1ar\u00e1 durante todo el d\u00eda, aumentan los partidarios de negarla. Y es que al socaire del derrumbe de las doctrinas que apostaban por transformar [&hellip;]<!-- AddThis Advanced Settings generic via filter on get_the_excerpt --><!-- AddThis Share Buttons generic via filter on get_the_excerpt --><\/p>\n","protected":false},"author":37,"featured_media":0,"comment_status":"open","ping_status":"closed","sticky":false,"template":"","format":"standard","meta":[],"categories":[2],"tags":[5],"_links":{"self":[{"href":"https:\/\/blogs.diariovasco.com\/eljukebox\/wp-json\/wp\/v2\/posts\/814"}],"collection":[{"href":"https:\/\/blogs.diariovasco.com\/eljukebox\/wp-json\/wp\/v2\/posts"}],"about":[{"href":"https:\/\/blogs.diariovasco.com\/eljukebox\/wp-json\/wp\/v2\/types\/post"}],"author":[{"embeddable":true,"href":"https:\/\/blogs.diariovasco.com\/eljukebox\/wp-json\/wp\/v2\/users\/37"}],"replies":[{"embeddable":true,"href":"https:\/\/blogs.diariovasco.com\/eljukebox\/wp-json\/wp\/v2\/comments?post=814"}],"version-history":[{"count":0,"href":"https:\/\/blogs.diariovasco.com\/eljukebox\/wp-json\/wp\/v2\/posts\/814\/revisions"}],"wp:attachment":[{"href":"https:\/\/blogs.diariovasco.com\/eljukebox\/wp-json\/wp\/v2\/media?parent=814"}],"wp:term":[{"taxonomy":"category","embeddable":true,"href":"https:\/\/blogs.diariovasco.com\/eljukebox\/wp-json\/wp\/v2\/categories?post=814"},{"taxonomy":"post_tag","embeddable":true,"href":"https:\/\/blogs.diariovasco.com\/eljukebox\/wp-json\/wp\/v2\/tags?post=814"}],"curies":[{"name":"wp","href":"https:\/\/api.w.org\/{rel}","templated":true}]}}