{"id":825,"date":"2009-02-24T10:36:56","date_gmt":"2009-02-24T10:36:56","guid":{"rendered":"http:\/\/blogs.diariovasco.com\/eljukebox\/?p=825"},"modified":"2009-02-24T10:36:56","modified_gmt":"2009-02-24T10:36:56","slug":"zp_sobrevive_a_un_ataque_de_tacones","status":"publish","type":"post","link":"https:\/\/blogs.diariovasco.com\/eljukebox\/2009\/02\/24\/zp_sobrevive_a_un_ataque_de_tacones\/","title":{"rendered":"ZP sobrevive a un ataque de tacones"},"content":{"rendered":"<p>Tras la comparecencia de Rajoy el lunes pasado en los estudios de Antena 3 TV para someterse a las preguntas de la jefa de informativos de la cadena, anoche le toc\u00f3 el turno al presidente Zapatero.<\/p>\n<p>ZP lleg\u00f3 al plat\u00f3 sin apenas tiempo de quitarse de encima cualquier resto org\u00e1nico de Fern\u00e1ndez Bermejo, difunto pol\u00edticamente tras su dimisi\u00f3n como ministro de Justicia aunque a\u00fan de cuerpo presente por cuanto conservar\u00e1 su esca\u00f1o.<\/p>\n<p>El hecho de que los acontecimientos se precipitaran horas antes oblig\u00f3 a Gloria Lomana a actualizar su cuestionario. No faltaron las referencias a c\u00faando supo el Gobierno que la crisis era grave -una cuesti\u00f3n recurrente que ya empieza a aburrir casi tanto como la de &#8216;cu\u00e1ndo supo EE UU que Jap\u00f3n atacar\u00eda Pearl Harbour&#8217;-, ni al viaje que Magdalena \u00c1lvarez realiza a Siberia para ver c\u00f3mo afrontan all\u00ed los temporales de nieve -algo s\u00ed como si la FAO acudiese a El Bulli para estudiar la mejor forma de combatir el hambre en el mundo-.<\/p>\n<p>En el intercambio de preguntas y respuestas, el presidente dej\u00f3 escapar la idea que subyace a un estado de \u00e1nimo siempre alto pese a la crisis: todo da igual porque&nbsp; la oposici\u00f3n agoniza sitiada por los esc\u00e1ndalos, las elecciones quedan muy lejos y la hip\u00f3tesis de perderlas resulta inveros\u00edmil.<\/p>\n<p>En el campo del humor y a la luz de lo sucedido hace un a\u00f1o en Navarra, borde\u00f3 el humor al asegurar que los posibles pactos postelectorales en Euskadi los decidir\u00e1 el PSE porque su confianza en PatxiLo es ilimitada.<\/p>\n<p>Por lo dem\u00e1s, ZP y Lomana mantuvieron en el plat\u00f3 un aut\u00e9ntico duelo de cruce de piernas que seguramente se sald\u00f3 con&nbsp; tablas. El presidente, oculto tras su mirada Pumuky; la presentadora, subida a unos tacones de dominatrix. La entrevista pretendi\u00f3 ser incisiva, pero ZP se aburri\u00f3.<\/p>\n<!-- AddThis Advanced Settings generic via filter on the_content --><!-- AddThis Share Buttons generic via filter on the_content -->","protected":false},"excerpt":{"rendered":"<p>Tras la comparecencia de Rajoy el lunes pasado en los estudios de Antena 3 TV para someterse a las preguntas de la jefa de informativos de la cadena, anoche le toc\u00f3 el turno al presidente Zapatero. ZP lleg\u00f3 al plat\u00f3 sin apenas tiempo de quitarse de encima cualquier resto org\u00e1nico de Fern\u00e1ndez Bermejo, difunto pol\u00edticamente [&hellip;]<!-- AddThis Advanced Settings generic via filter on get_the_excerpt --><!-- AddThis Share Buttons generic via filter on get_the_excerpt --><\/p>\n","protected":false},"author":37,"featured_media":0,"comment_status":"open","ping_status":"closed","sticky":false,"template":"","format":"standard","meta":[],"categories":[2],"tags":[5],"_links":{"self":[{"href":"https:\/\/blogs.diariovasco.com\/eljukebox\/wp-json\/wp\/v2\/posts\/825"}],"collection":[{"href":"https:\/\/blogs.diariovasco.com\/eljukebox\/wp-json\/wp\/v2\/posts"}],"about":[{"href":"https:\/\/blogs.diariovasco.com\/eljukebox\/wp-json\/wp\/v2\/types\/post"}],"author":[{"embeddable":true,"href":"https:\/\/blogs.diariovasco.com\/eljukebox\/wp-json\/wp\/v2\/users\/37"}],"replies":[{"embeddable":true,"href":"https:\/\/blogs.diariovasco.com\/eljukebox\/wp-json\/wp\/v2\/comments?post=825"}],"version-history":[{"count":0,"href":"https:\/\/blogs.diariovasco.com\/eljukebox\/wp-json\/wp\/v2\/posts\/825\/revisions"}],"wp:attachment":[{"href":"https:\/\/blogs.diariovasco.com\/eljukebox\/wp-json\/wp\/v2\/media?parent=825"}],"wp:term":[{"taxonomy":"category","embeddable":true,"href":"https:\/\/blogs.diariovasco.com\/eljukebox\/wp-json\/wp\/v2\/categories?post=825"},{"taxonomy":"post_tag","embeddable":true,"href":"https:\/\/blogs.diariovasco.com\/eljukebox\/wp-json\/wp\/v2\/tags?post=825"}],"curies":[{"name":"wp","href":"https:\/\/api.w.org\/{rel}","templated":true}]}}