{"id":851,"date":"2009-03-24T09:56:25","date_gmt":"2009-03-24T09:56:25","guid":{"rendered":"http:\/\/blogs.diariovasco.com\/eljukebox\/?p=851"},"modified":"2009-03-24T09:56:25","modified_gmt":"2009-03-24T09:56:25","slug":"el_txotx_inteligente","status":"publish","type":"post","link":"https:\/\/blogs.diariovasco.com\/eljukebox\/2009\/03\/24\/el_txotx_inteligente\/","title":{"rendered":"El txotx inteligente"},"content":{"rendered":"<p><P>\u00a1Albricias! Por fin una universidad en la que la frase &#8220;me pas\u00e9 la carrera en la cafeter\u00eda de la Facultad&#8221; estar\u00e1 desprovista de negatividad para convertirse en prueba de vocaci\u00f3n y&nbsp;entrega. Ser\u00e1 a partir de 2011, cuando un grupo de chefs vascos y Mondragon Unibertsitatea pongan en pie el Basque Culinary Center. <\/P><br \/>\n<P>El proyecto se enmarca en unos tiempos en los que no hay conferencia ni power point que se precien que no arranquen con el mantra &#8220;en chino, crisis y oportunidad se designan con la misma palabra&#8221;.<\/P><br \/>\n<P>El Kursaal acogi\u00f3 ayer la firma del convenio para la creaci\u00f3n del centro por parte de pol\u00edticos y cocineros. 22 estrellas Michelin les contemplaban. Se habl\u00f3 de &#8220;sue\u00f1o estrat\u00e9gico&#8221; -algo as\u00ed como &#8220;locura razonable&#8221;- y de &#8220;Meca de la alta cocina&#8221; -en la que todos seremos a la vez peregrinos y custodios-.<\/P><br \/>\n<P>Esta iniciativa, que cuenta con una hermana gemela en el Piamonte de la trufa blanca, hay que entenderla como&nbsp;la culminaci\u00f3n l\u00f3gica a nuestro&nbsp;permanente proceso de sofisticaci\u00f3n del apetito: Lo mejor de la gastronom\u00eda, Cocina y Moda, Filosof\u00eda y Cocina,&nbsp;alubias en cofrad\u00edas, semanas de la chuleta, cert\u00e1menes de cocina en miniatura, el pintxo en la sociedad del conocimiento, la piparra en tiempos de Obama o la sidrer\u00eda considerada como una de las redes sociales.<\/P><br \/>\n<P>Ante la amenaza de que el modelo llegue a periclitar por saturaci\u00f3n, llega el momento de acometer lo que los t\u00e9cnicos llaman una reordenaci\u00f3n del mapa, en este caso, culinario.&nbsp;No es tiempo para el escepticismo, a pesar de que los intentos de fusonar cocina y cultura no hayan logrado impedir, por el momento, que el m\u00e1s laureado chef del mundo suelte ante&nbsp;las c\u00e1maras de TV un estruendoso&nbsp;&#8220;&#8230; aunque haiga que&#8230;&#8221;<\/P><br \/>\n<P>El centro desarrollar\u00e1 seis l\u00edneas de investigaci\u00f3n: educaci\u00f3n y h\u00e1bitos alimentarios, responsabilidad social alimentaria, tendencias de alimentaci\u00f3n, innovaci\u00f3n en la gesti\u00f3n de empresas del sector, desarrollo de tecnolog\u00edas asociadas y elaboraci\u00f3n, y presentaci\u00f3n y conservaci\u00f3n de los alimentos. Es de suponer de que tambi\u00e9n cocinen alguna cosa en el improbable caso de que les quede algo de tiempo.<\/P><br \/>\n<P>El lehendakari, por su parte, aprovech\u00f3 la ocasion para recordar que &#8220;cuando el pueblo vasco ha basado sus proyectos en la cultura, la formaci\u00f3n y la innovaci\u00f3n ha tenido pol\u00edticamente personalidad y, desde un punto de vista econ\u00f3mico, desarrollo. Cuando no ha sido asi, hemos sido pol\u00edticamente dependientes y econ\u00f3micamente subdesarrollados&#8221;.<\/P><br \/>\n<P>Teniendo en cuenta que el Ministerio de Ciencia e Innovaci\u00f3n aportar\u00e1 siete de los catorce millones de euros contemplados en el presupuesto, son\u00f3 confuso.<\/P><\/p>\n<!-- AddThis Advanced Settings generic via filter on the_content --><!-- AddThis Share Buttons generic via filter on the_content -->","protected":false},"excerpt":{"rendered":"<p>\u00a1Albricias! Por fin una universidad en la que la frase &#8220;me pas\u00e9 la carrera en la cafeter\u00eda de la Facultad&#8221; estar\u00e1 desprovista de negatividad para convertirse en prueba de vocaci\u00f3n y&nbsp;entrega. Ser\u00e1 a partir de 2011, cuando un grupo de chefs vascos y Mondragon Unibertsitatea pongan en pie el Basque Culinary Center. El proyecto se [&hellip;]<!-- AddThis Advanced Settings generic via filter on get_the_excerpt --><!-- AddThis Share Buttons generic via filter on get_the_excerpt --><\/p>\n","protected":false},"author":37,"featured_media":0,"comment_status":"open","ping_status":"closed","sticky":false,"template":"","format":"standard","meta":[],"categories":[2],"tags":[5],"_links":{"self":[{"href":"https:\/\/blogs.diariovasco.com\/eljukebox\/wp-json\/wp\/v2\/posts\/851"}],"collection":[{"href":"https:\/\/blogs.diariovasco.com\/eljukebox\/wp-json\/wp\/v2\/posts"}],"about":[{"href":"https:\/\/blogs.diariovasco.com\/eljukebox\/wp-json\/wp\/v2\/types\/post"}],"author":[{"embeddable":true,"href":"https:\/\/blogs.diariovasco.com\/eljukebox\/wp-json\/wp\/v2\/users\/37"}],"replies":[{"embeddable":true,"href":"https:\/\/blogs.diariovasco.com\/eljukebox\/wp-json\/wp\/v2\/comments?post=851"}],"version-history":[{"count":0,"href":"https:\/\/blogs.diariovasco.com\/eljukebox\/wp-json\/wp\/v2\/posts\/851\/revisions"}],"wp:attachment":[{"href":"https:\/\/blogs.diariovasco.com\/eljukebox\/wp-json\/wp\/v2\/media?parent=851"}],"wp:term":[{"taxonomy":"category","embeddable":true,"href":"https:\/\/blogs.diariovasco.com\/eljukebox\/wp-json\/wp\/v2\/categories?post=851"},{"taxonomy":"post_tag","embeddable":true,"href":"https:\/\/blogs.diariovasco.com\/eljukebox\/wp-json\/wp\/v2\/tags?post=851"}],"curies":[{"name":"wp","href":"https:\/\/api.w.org\/{rel}","templated":true}]}}