{"id":862,"date":"2009-04-07T09:45:51","date_gmt":"2009-04-07T09:45:51","guid":{"rendered":"http:\/\/blogs.diariovasco.com\/eljukebox\/?p=862"},"modified":"2009-04-07T09:45:51","modified_gmt":"2009-04-07T09:45:51","slug":"pecados_donostiarras_para_una_semana_san","status":"publish","type":"post","link":"https:\/\/blogs.diariovasco.com\/eljukebox\/2009\/04\/07\/pecados_donostiarras_para_una_semana_san\/","title":{"rendered":"Pecados donostiarras para una Semana Santa"},"content":{"rendered":"<p>En previsi\u00f3n de que la ciudad entre en letargo durante estas vacaciones de Semana Santa, bien por causas meteorol\u00f3gicas, bien por la ca\u00edda del turismo, aqu\u00ed va una bater\u00eda de propuestas para que la estancia resulte bien grata a nuestros escasos, aunque bien intencionados, visitantes:<\/p>\n<p>1) Ac\u00f3gase al programa foral de menores tutelados, haci\u00e9ndose pasar por un miembro de la familia real alauita. Blancas dunas, excursiones con &#8216;camellos&#8217;, otras culturas, United Colors, viajes en disolvente y estancias en comisar\u00eda, todo de la mano de las \u00faltimas tecnolog\u00edas.<\/p>\n<p>2) Explore los l\u00edmites de encaje de la Oficina de la Capitalidad Cultural Europea mediante el bombardeo de propuestas, tipo &#8220;me gustar\u00eda que uno de las l\u00edneas b\u00e1sicas del programa fuera &#8216;Donostia-Ciudad Tr\u00edpode'&#8221; o &#8220;quisiera que se analizara &#8216;La influencia del Euromill\u00f3n en el Eje Atl\u00e1ntico'&#8221;.<\/p>\n<p>3) Adel\u00e1ntese a todos entablando amistad mediante citas a ciegas con los futuros &#8216;independientes&#8217; del pr\u00f3ximo Gobierno Vasco. No olvide llevar lectura, ante la posibilidad m\u00e1s que probable de que no acuda nadie a la cita.<\/p>\n<p>4) Pruebe comer y cenar barato en la Parte Vieja donostiarra mediante el sencilo m\u00e9todo de entrar en sus bares, forrarse a pintxos y, a la hora de pagar, espetar al camarero: &#8220;\u00bf\u00c9ste era el bar que da un vino y una tapa por un euro, no? Es que lo vimos en la tele y nos dijimos: tenemos que conocerlo&#8221;.<\/p>\n<p>5) S\u00e1quese el nuevo bono de la Real y asista en directo al hist\u00f3rico y segundo no ascenso consecutivo del equipo local. Adquiera sus primeras nociones de euskera, haciendo que sus vecinos de localidad en el estadio le expliquen el significado etimol\u00f3gico de la exclamaci\u00f3n ind\u00edgena&nbsp; \u00a1&#8217;Aurten bai!&#8217;.<\/p>\n<!-- AddThis Advanced Settings generic via filter on the_content --><!-- AddThis Share Buttons generic via filter on the_content -->","protected":false},"excerpt":{"rendered":"<p>En previsi\u00f3n de que la ciudad entre en letargo durante estas vacaciones de Semana Santa, bien por causas meteorol\u00f3gicas, bien por la ca\u00edda del turismo, aqu\u00ed va una bater\u00eda de propuestas para que la estancia resulte bien grata a nuestros escasos, aunque bien intencionados, visitantes: 1) Ac\u00f3gase al programa foral de menores tutelados, haci\u00e9ndose pasar [&hellip;]<!-- AddThis Advanced Settings generic via filter on get_the_excerpt --><!-- AddThis Share Buttons generic via filter on get_the_excerpt --><\/p>\n","protected":false},"author":37,"featured_media":0,"comment_status":"open","ping_status":"closed","sticky":false,"template":"","format":"standard","meta":[],"categories":[2],"tags":[5],"_links":{"self":[{"href":"https:\/\/blogs.diariovasco.com\/eljukebox\/wp-json\/wp\/v2\/posts\/862"}],"collection":[{"href":"https:\/\/blogs.diariovasco.com\/eljukebox\/wp-json\/wp\/v2\/posts"}],"about":[{"href":"https:\/\/blogs.diariovasco.com\/eljukebox\/wp-json\/wp\/v2\/types\/post"}],"author":[{"embeddable":true,"href":"https:\/\/blogs.diariovasco.com\/eljukebox\/wp-json\/wp\/v2\/users\/37"}],"replies":[{"embeddable":true,"href":"https:\/\/blogs.diariovasco.com\/eljukebox\/wp-json\/wp\/v2\/comments?post=862"}],"version-history":[{"count":0,"href":"https:\/\/blogs.diariovasco.com\/eljukebox\/wp-json\/wp\/v2\/posts\/862\/revisions"}],"wp:attachment":[{"href":"https:\/\/blogs.diariovasco.com\/eljukebox\/wp-json\/wp\/v2\/media?parent=862"}],"wp:term":[{"taxonomy":"category","embeddable":true,"href":"https:\/\/blogs.diariovasco.com\/eljukebox\/wp-json\/wp\/v2\/categories?post=862"},{"taxonomy":"post_tag","embeddable":true,"href":"https:\/\/blogs.diariovasco.com\/eljukebox\/wp-json\/wp\/v2\/tags?post=862"}],"curies":[{"name":"wp","href":"https:\/\/api.w.org\/{rel}","templated":true}]}}