{"id":863,"date":"2009-04-08T11:27:28","date_gmt":"2009-04-08T11:27:28","guid":{"rendered":"http:\/\/blogs.diariovasco.com\/eljukebox\/?p=863"},"modified":"2009-04-08T11:27:28","modified_gmt":"2009-04-08T11:27:28","slug":"siempre_en_primera_linea_y_tal","status":"publish","type":"post","link":"https:\/\/blogs.diariovasco.com\/eljukebox\/2009\/04\/08\/siempre_en_primera_linea_y_tal\/","title":{"rendered":"Siempre en primera l\u00ednea y tal"},"content":{"rendered":"<p>Asombroso: en apenas unos siglos, los vascos hemos pasado de surtir de marinos la flota de la Corona espa\u00f1ola a suministrar ministros al Gobierno de la naci\u00f3n. Y siempre en los puestos m\u00e1s sacrificados, llegando incluso al punto de aportar marido para una de las infantas.<\/p>\n<p>Hoy es el d\u00eda en el que los donostiarras elucubramos en torno a la improbabilidad estad\u00edstica de colar a dos de nuestros vecinos en un mismo ejecutivo. Y sin embargo, ah\u00ed est\u00e1n Cristina Garmendia y \u00c1ngel Gabilondo. La primera, una hija de Batapl\u00e1n que lleg\u00f3 a lo m\u00e1s alto con el Tambor de Oro ya incorporado, y el segundo, un ejemplar de lo mejor que puede llegar a ofrecer la ciudad.<\/p>\n<p>En lo que respecta a Garmendia, no es que salga exactamente reforzada tras un a\u00f1o de gesti\u00f3n, aunque se mantiene como ministra, que no es poco. Sus combates a prot\u00f3n limpio con el titular de Industria y la ingobernabilidad en la pr\u00e1ctica de su negociado -del que pierde ahora las universidades- le han impedido brillar como de ella se espera. <\/p>\n<p>No importa. Los dos acuden al rescate de un Gobierno que empieza a oler a desahucio por impago, listos para luchar, no s\u00f3lo contra la flota enemiga, sino tambi\u00e9n contra los elementos. Ya lo advierte el escudo local: &#8220;Por fidelidad, nobleza y lealtad&#8221;. En caso necesario, inmolar\u00e1n sus carreras en el altar de ZP.<\/p>\n<p>Por lo dem\u00e1s, dicen que la comunidad intern\u00e1utica se ha tomado como algo personal el nombramiento de \u00c1ngeles Gonz\u00e1lez-Sinde como nueva ministra de Cultura. encargada de combatir las descargas ilegales de cine espa\u00f1ol. En realidad, su gesti\u00f3n ya se podr\u00e1 considerar un \u00e9xito en materia cinematogr\u00e1fica si consigue que \u00e9stas se produzcan.<\/p>\n<!-- AddThis Advanced Settings generic via filter on the_content --><!-- AddThis Share Buttons generic via filter on the_content -->","protected":false},"excerpt":{"rendered":"<p>Asombroso: en apenas unos siglos, los vascos hemos pasado de surtir de marinos la flota de la Corona espa\u00f1ola a suministrar ministros al Gobierno de la naci\u00f3n. Y siempre en los puestos m\u00e1s sacrificados, llegando incluso al punto de aportar marido para una de las infantas. Hoy es el d\u00eda en el que los donostiarras [&hellip;]<!-- AddThis Advanced Settings generic via filter on get_the_excerpt --><!-- AddThis Share Buttons generic via filter on get_the_excerpt --><\/p>\n","protected":false},"author":37,"featured_media":0,"comment_status":"open","ping_status":"closed","sticky":false,"template":"","format":"standard","meta":[],"categories":[2],"tags":[5],"_links":{"self":[{"href":"https:\/\/blogs.diariovasco.com\/eljukebox\/wp-json\/wp\/v2\/posts\/863"}],"collection":[{"href":"https:\/\/blogs.diariovasco.com\/eljukebox\/wp-json\/wp\/v2\/posts"}],"about":[{"href":"https:\/\/blogs.diariovasco.com\/eljukebox\/wp-json\/wp\/v2\/types\/post"}],"author":[{"embeddable":true,"href":"https:\/\/blogs.diariovasco.com\/eljukebox\/wp-json\/wp\/v2\/users\/37"}],"replies":[{"embeddable":true,"href":"https:\/\/blogs.diariovasco.com\/eljukebox\/wp-json\/wp\/v2\/comments?post=863"}],"version-history":[{"count":0,"href":"https:\/\/blogs.diariovasco.com\/eljukebox\/wp-json\/wp\/v2\/posts\/863\/revisions"}],"wp:attachment":[{"href":"https:\/\/blogs.diariovasco.com\/eljukebox\/wp-json\/wp\/v2\/media?parent=863"}],"wp:term":[{"taxonomy":"category","embeddable":true,"href":"https:\/\/blogs.diariovasco.com\/eljukebox\/wp-json\/wp\/v2\/categories?post=863"},{"taxonomy":"post_tag","embeddable":true,"href":"https:\/\/blogs.diariovasco.com\/eljukebox\/wp-json\/wp\/v2\/tags?post=863"}],"curies":[{"name":"wp","href":"https:\/\/api.w.org\/{rel}","templated":true}]}}