{"id":864,"date":"2009-04-13T15:55:20","date_gmt":"2009-04-13T15:55:20","guid":{"rendered":"http:\/\/blogs.diariovasco.com\/eljukebox\/?p=864"},"modified":"2009-04-13T15:55:20","modified_gmt":"2009-04-13T15:55:20","slug":"la_pasion_es_la_patria_de_los_vascos","status":"publish","type":"post","link":"https:\/\/blogs.diariovasco.com\/eljukebox\/2009\/04\/13\/la_pasion_es_la_patria_de_los_vascos\/","title":{"rendered":"La Pasi\u00f3n es la patria de los vascos"},"content":{"rendered":"<p>Puede que dios hable en la Tierra por boca del Papa, pero en el Pa\u00eds Vasco lo hace por la del PNV. Su misi\u00f3n, a la que ha consagrado la vida entera, es anunciar la buena nueva: Euskadi es la patria de los vascos.<\/p>\n<p>El hijo de Sabino, el carpintero, naci\u00f3 en un humilde portal de Sabin Etxea -no confundir con Savin Etxea, la bodega-, aunque ha residido la mayor parte de su vida en Ajuria Enea. <\/p>\n<p>Durante los \u00faltimos treinta a\u00f1os, ha curado a los enfermos en Osakidetza, ha convertido el agua en txakol\u00ed,y ha multiplicado los panes y las prebendas. Y en sus ratos libres, hasta ha expulsado a los mercaderes de ese templo, en el que recientemente se inauguraba un batzoki.<\/p>\n<p>Lo que pasa es que si el poder temporal desgasta, el divino carcome. Y las fuerzas de Patxi Pilatos han acechado durante largo tiempo hasta que ha llegado el momento de elegir. Y Pilatos, aconsejado por la plebe, ha vuelto a optar por Barrab\u00e1sgoiti.<\/p>\n<p>As\u00ed las cosas, el PNV se echaba ayer, no al monte, sino a la monta\u00f1a para pronunciar ante sus fieles el serm\u00f3n de la misma. Y a pesar de que se esperaba un discurso ag\u00f3nico propio de las situaciones de desahucio, lo cierto es que se impuso el car\u00e1cter l\u00fadico que caracteriza a los vascos: &#8220;Es la zarzuela espa\u00f1ola&#8221;, advirti\u00f3.<\/p>\n<p>En 2013, coincidiendo con el 33 aniversario de la llegada del PNV al poder, volver\u00e1n a celebrarse elecciones. Hasta entonces, que Patxi Pilatos se dedique si quiere a caminar sobre las aguas, apaciguar tormentas, mutilar el mapa de Judea y llenar las redes de productos de piscifactor\u00eda, para asombro de arrantzales e intermediarios. <\/p>\n<p>Mientras tanto, nada m\u00e1s lejos de las intenciones del PNV que dejarse crucificar en el monte Calvario, as\u00ed sea para resucitar al tercer d\u00eda. Antes se lleva a Judas por delante. Am\u00e9n.<\/p>\n<!-- AddThis Advanced Settings generic via filter on the_content --><!-- AddThis Share Buttons generic via filter on the_content -->","protected":false},"excerpt":{"rendered":"<p>Puede que dios hable en la Tierra por boca del Papa, pero en el Pa\u00eds Vasco lo hace por la del PNV. Su misi\u00f3n, a la que ha consagrado la vida entera, es anunciar la buena nueva: Euskadi es la patria de los vascos. El hijo de Sabino, el carpintero, naci\u00f3 en un humilde portal [&hellip;]<!-- AddThis Advanced Settings generic via filter on get_the_excerpt --><!-- AddThis Share Buttons generic via filter on get_the_excerpt --><\/p>\n","protected":false},"author":37,"featured_media":0,"comment_status":"open","ping_status":"closed","sticky":false,"template":"","format":"standard","meta":[],"categories":[2],"tags":[5],"_links":{"self":[{"href":"https:\/\/blogs.diariovasco.com\/eljukebox\/wp-json\/wp\/v2\/posts\/864"}],"collection":[{"href":"https:\/\/blogs.diariovasco.com\/eljukebox\/wp-json\/wp\/v2\/posts"}],"about":[{"href":"https:\/\/blogs.diariovasco.com\/eljukebox\/wp-json\/wp\/v2\/types\/post"}],"author":[{"embeddable":true,"href":"https:\/\/blogs.diariovasco.com\/eljukebox\/wp-json\/wp\/v2\/users\/37"}],"replies":[{"embeddable":true,"href":"https:\/\/blogs.diariovasco.com\/eljukebox\/wp-json\/wp\/v2\/comments?post=864"}],"version-history":[{"count":0,"href":"https:\/\/blogs.diariovasco.com\/eljukebox\/wp-json\/wp\/v2\/posts\/864\/revisions"}],"wp:attachment":[{"href":"https:\/\/blogs.diariovasco.com\/eljukebox\/wp-json\/wp\/v2\/media?parent=864"}],"wp:term":[{"taxonomy":"category","embeddable":true,"href":"https:\/\/blogs.diariovasco.com\/eljukebox\/wp-json\/wp\/v2\/categories?post=864"},{"taxonomy":"post_tag","embeddable":true,"href":"https:\/\/blogs.diariovasco.com\/eljukebox\/wp-json\/wp\/v2\/tags?post=864"}],"curies":[{"name":"wp","href":"https:\/\/api.w.org\/{rel}","templated":true}]}}