{"id":868,"date":"2009-04-16T15:25:25","date_gmt":"2009-04-16T15:25:25","guid":{"rendered":"http:\/\/blogs.diariovasco.com\/eljukebox\/?p=868"},"modified":"2009-04-16T15:25:25","modified_gmt":"2009-04-16T15:25:25","slug":"viejo_en_el_columpio","status":"publish","type":"post","link":"https:\/\/blogs.diariovasco.com\/eljukebox\/2009\/04\/16\/viejo_en_el_columpio\/","title":{"rendered":"Viejo en el columpio"},"content":{"rendered":"<p>El gobernador del Banco de Espa\u00f1a ha alertado de que el sistema de pensiones, tal y como lo conocemos, se aproxima a su fin por la v\u00eda del colapso. Lo ha dicho adem\u00e1s en un momento en el que, en la medida de lo posible, el cliente rehusa preguntar sobre la suerte corrida por su fondo de pensiones ante el temor a que le expliquen detalladamente hasta qu\u00e9 punto se ha volatilizado.<\/p>\n<p>Para que no se diga que el tal Fern\u00e1ndez Ord\u00f3\u00f1ez es un heraldo negro de las malas noticias, \u00e9l mismo se ha apresurado a aportar posibles soluciones, entre ellas, prolongar la vida laboral hasta los 67 a\u00f1os, siempre con la vista puesta en que finalmente sea a los 70.<\/p>\n<p>La medida debe situarse en l\u00ednea con una \u00e9poca en la que todo delito requiere el aumento de la condena y toda condena, su cumplimiento \u00edntegro. En este sentido, cabe tomarse la idea como un endurecimientos de las penas impuestas por el pecado original.<\/p>\n<p>La iniciativa acabar\u00e1 tomando cuerpo, s\u00f3lo falta decidir con qu\u00e9 gobierno. Lo peculiar de las matem\u00e1ticas es que, adem\u00e1s de inmorales, son inapelables y no admiten la disidencia. No hace falta ser un genio para despejar la inc\u00f3gnita en la ecuaci\u00f3n formada por pocos j\u00f3venes, muchos viejos y enorme bolsa de parados, en buena medida, de larga duraci\u00f3n.<\/p>\n<p>As\u00ed las cosas, Fraga se perfila como el nuevo hombre: un anciano improductivo que se las arregla, sin embargo, no s\u00f3lo para eludir la masa pensionista, sino para seguir percibiendo un salario que le permitir\u00e1 cotizar hasta el fin de sus d\u00edas.<\/p>\n<p>En este panorama desolador, en el que el vicio de la longevidad ser\u00e1 prueba y s\u00edntoma de antipatriotismo, s\u00f3lo queda el consuelo de esperar que tan prolongada actividad laboral termine por recortar nuestra inflacionista esperanza de vida. Dicho sea pensando, no s\u00f3lo en los que vengan por detr\u00e1s, sino tambi\u00e9n -o sobre todo- en uno mismo.<\/p>\n<!-- AddThis Advanced Settings generic via filter on the_content --><!-- AddThis Share Buttons generic via filter on the_content -->","protected":false},"excerpt":{"rendered":"<p>El gobernador del Banco de Espa\u00f1a ha alertado de que el sistema de pensiones, tal y como lo conocemos, se aproxima a su fin por la v\u00eda del colapso. Lo ha dicho adem\u00e1s en un momento en el que, en la medida de lo posible, el cliente rehusa preguntar sobre la suerte corrida por su [&hellip;]<!-- AddThis Advanced Settings generic via filter on get_the_excerpt --><!-- AddThis Share Buttons generic via filter on get_the_excerpt --><\/p>\n","protected":false},"author":37,"featured_media":0,"comment_status":"open","ping_status":"closed","sticky":false,"template":"","format":"standard","meta":[],"categories":[2],"tags":[5],"_links":{"self":[{"href":"https:\/\/blogs.diariovasco.com\/eljukebox\/wp-json\/wp\/v2\/posts\/868"}],"collection":[{"href":"https:\/\/blogs.diariovasco.com\/eljukebox\/wp-json\/wp\/v2\/posts"}],"about":[{"href":"https:\/\/blogs.diariovasco.com\/eljukebox\/wp-json\/wp\/v2\/types\/post"}],"author":[{"embeddable":true,"href":"https:\/\/blogs.diariovasco.com\/eljukebox\/wp-json\/wp\/v2\/users\/37"}],"replies":[{"embeddable":true,"href":"https:\/\/blogs.diariovasco.com\/eljukebox\/wp-json\/wp\/v2\/comments?post=868"}],"version-history":[{"count":0,"href":"https:\/\/blogs.diariovasco.com\/eljukebox\/wp-json\/wp\/v2\/posts\/868\/revisions"}],"wp:attachment":[{"href":"https:\/\/blogs.diariovasco.com\/eljukebox\/wp-json\/wp\/v2\/media?parent=868"}],"wp:term":[{"taxonomy":"category","embeddable":true,"href":"https:\/\/blogs.diariovasco.com\/eljukebox\/wp-json\/wp\/v2\/categories?post=868"},{"taxonomy":"post_tag","embeddable":true,"href":"https:\/\/blogs.diariovasco.com\/eljukebox\/wp-json\/wp\/v2\/tags?post=868"}],"curies":[{"name":"wp","href":"https:\/\/api.w.org\/{rel}","templated":true}]}}