{"id":90,"date":"2006-04-20T12:11:10","date_gmt":"2006-04-20T12:11:10","guid":{"rendered":"http:\/\/blogs.diariovasco.com\/eljukebox\/?p=90"},"modified":"2006-04-20T12:11:10","modified_gmt":"2006-04-20T12:11:10","slug":"el_regreso_de_los_lagartos_de_carton","status":"publish","type":"post","link":"https:\/\/blogs.diariovasco.com\/eljukebox\/2006\/04\/20\/el_regreso_de_los_lagartos_de_carton\/","title":{"rendered":"El regreso de los lagartos de cart\u00f3n"},"content":{"rendered":"<p><b>JORGE F. MENDIOLA<\/b><\/p>\n<p><a href=\"http:\/\/www.cuatro.com\" rel=\"external nofollow\">Cuatro<\/a> ha escuchado a la audiencia y ha recuperado <font color=\"#ff0000\">V<\/font> del ba\u00fal de los recuerdos. La m\u00edtica serie de los ochenta provoc\u00f3 un gran impacto en todos los ni\u00f1os de la \u00e9poca.<\/p>\n<p><IMG src=\"\/eljukebox\/wp-content\/uploads\/sites\/21\" align=\"left\" height=\"NaN\" hspace=\"10\" vspace=\"5\" width=\"90\">Eran los tiempos dorados de <a href=\"http:\/\/www.teleindiscreta.wanadoo.es\/\" rel=\"external nofollow\">Teleindiscrita<\/a> y las pegatinas con los emblemas pseudo-nazis de los Visitantes. Volver a ver en acci\u00f3n a <font color=\"#ff0000\">Donovan<\/font>, <font color=\"#ff0000\">Tyler<\/font>, Diana, <font color=\"#ff0000\">Willy<\/font> y compa\u00f1\u00eda es todo un viaje al pasado, a la infancia m\u00e1s inocente.<\/p>\n<p>Inocente, s\u00ed. Porque hay que ser muy gixajo para tragarse las malas<br \/>\ninterpretaciones y los pobres efectos especiales de V. Me explico&#8230;<br \/>\nCuando la Primera repuso la serie por primera vez desde el boom que<br \/>\nsupuso su estreno en la peque\u00f1a pantalla, todos nos arremolinamos en<br \/>\ntorno a los televisores con la esperanza de descubrir que <a href=\"http:\/\/blogs.cuatro.com\/series\/index.php?s=visitantes\" rel=\"external nofollow\">V<\/a><br \/>\nsegu\u00eda viva, que no hab\u00eda envejecido, como ocurre al revisionar<br \/>\ncualquier cinta de la trilog\u00eda inaugural de La Guerra de las Galaxias.<\/p>\n<p><IMG src=\"\/eljukebox\/wp-content\/uploads\/sites\/21\" align=\"right\" height=\"NaN\" hspace=\"10\" vspace=\"5\" width=\"90\">Sin embargo, la decepci\u00f3n es inevitable. A los lagartos se les ve a la legua que son malos, la boca de <font color=\"#ff0000\">Diana<\/font> cuando se come la primera rata es de cart\u00f3n y las naves parecen sacadas de una peli fant\u00e1stica de serie B.<\/p>\n<p>Con todo, nadie podr\u00e1 arrebatarnos de la memoria las im\u00e1genes que tanto<br \/>\nnos sobrecogieron cuando a\u00fan llev\u00e1bamos pantal\u00f3n corto. Esas son las<br \/>\nque valen&#8230; Disfrutad como ni\u00f1os!!!<\/p>\n<p>\n<IMG src=\"\/eljukebox\/wp-content\/uploads\/sites\/21\" align=\"left\" hspace=\"10\" vspace=\"5\"><a href=\"http:\/\/www.telecinco.es\/\" rel=\"external nofollow\">Tele 5<\/a> anuncia una nueva edici\u00f3n de <font color=\"#00ff00\">Supervivientes<\/font>,<br \/>\ncon aventureros famosillos. Pipi Estrada, Marlene Mourreau, Raquel<br \/>\nMorillas y Noem\u00ed Ungr\u00eda son algunos de los nombres que se barajan. El<br \/>\nespect\u00e1culo est\u00e1 asegurado&#8230;<\/p>\n<p>\n<IMG src=\"\/eljukebox\/wp-content\/uploads\/sites\/21\" align=\"right\" hspace=\"10\" vspace=\"5\"><br \/>\n<a href=\"http:\/\/www.lasexta.es\/\" rel=\"external nofollow\">La Sexta<\/a> se ha empe\u00f1ado en llenar<br \/>\nsu parrilla de series y entretenimiento. De hecho, hasta junio no<br \/>\nrealizar\u00e1 informativos. El problema es que para lograrlo tiene que<br \/>\nprogramar cutreces como <font color=\"#ff0000\">Juicio de parejas<\/font>, espacio donde un jurado sentencia asuntos conyugales. Actorazos&#8230;<\/p>\n<p><\/p>\n<!-- AddThis Advanced Settings generic via filter on the_content --><!-- AddThis Share Buttons generic via filter on the_content -->","protected":false},"excerpt":{"rendered":"<p>JORGE F. MENDIOLA Cuatro ha escuchado a la audiencia y ha recuperado V del ba\u00fal de los recuerdos. La m\u00edtica serie de los ochenta provoc\u00f3 un gran impacto en todos los ni\u00f1os de la \u00e9poca. Eran los tiempos dorados de Teleindiscrita y las pegatinas con los emblemas pseudo-nazis de los Visitantes. Volver a ver en [&hellip;]<!-- AddThis Advanced Settings generic via filter on get_the_excerpt --><!-- AddThis Share Buttons generic via filter on get_the_excerpt --><\/p>\n","protected":false},"author":37,"featured_media":0,"comment_status":"open","ping_status":"closed","sticky":false,"template":"","format":"standard","meta":[],"categories":[3],"tags":[6],"_links":{"self":[{"href":"https:\/\/blogs.diariovasco.com\/eljukebox\/wp-json\/wp\/v2\/posts\/90"}],"collection":[{"href":"https:\/\/blogs.diariovasco.com\/eljukebox\/wp-json\/wp\/v2\/posts"}],"about":[{"href":"https:\/\/blogs.diariovasco.com\/eljukebox\/wp-json\/wp\/v2\/types\/post"}],"author":[{"embeddable":true,"href":"https:\/\/blogs.diariovasco.com\/eljukebox\/wp-json\/wp\/v2\/users\/37"}],"replies":[{"embeddable":true,"href":"https:\/\/blogs.diariovasco.com\/eljukebox\/wp-json\/wp\/v2\/comments?post=90"}],"version-history":[{"count":0,"href":"https:\/\/blogs.diariovasco.com\/eljukebox\/wp-json\/wp\/v2\/posts\/90\/revisions"}],"wp:attachment":[{"href":"https:\/\/blogs.diariovasco.com\/eljukebox\/wp-json\/wp\/v2\/media?parent=90"}],"wp:term":[{"taxonomy":"category","embeddable":true,"href":"https:\/\/blogs.diariovasco.com\/eljukebox\/wp-json\/wp\/v2\/categories?post=90"},{"taxonomy":"post_tag","embeddable":true,"href":"https:\/\/blogs.diariovasco.com\/eljukebox\/wp-json\/wp\/v2\/tags?post=90"}],"curies":[{"name":"wp","href":"https:\/\/api.w.org\/{rel}","templated":true}]}}