{"id":902,"date":"2009-05-25T11:20:14","date_gmt":"2009-05-25T11:20:14","guid":{"rendered":"http:\/\/blogs.diariovasco.com\/eljukebox\/?p=902"},"modified":"2009-05-25T11:20:14","modified_gmt":"2009-05-25T11:20:14","slug":"gaueko_y_argi_ipara_cuando_un_chat","status":"publish","type":"post","link":"https:\/\/blogs.diariovasco.com\/eljukebox\/2009\/05\/25\/gaueko_y_argi_ipara_cuando_un_chat\/","title":{"rendered":"Gaueko y Argi, \u00bfpara cu\u00e1ndo un chat?"},"content":{"rendered":"<p>Sin desmerecer en absoluto el inter\u00e9s de la bater\u00eda de preguntas que el director de &#8216;Gara&#8217; plantea a dos encapuchados que se identifican como los miembros de ETA Gaueko y Argi en la entrevista que hoy publica este peri\u00f3dico, convendr\u00eda ir dando pasos hacia la celebraci\u00f3n de un chat en el que sea el ciber-pueblo-vasco quien elabore el cuestionario.<\/p>\n<p>Los dos entrevistados comparecen para las c\u00e1maras ante una variante del anagrama de la organizaci\u00f3n en el que la serpiente se convierte en un cinco y al que se le a\u00f1ade un cero, cifra de la efem\u00e9ride que celebran este a\u00f1o, en un desarrollo ingenioso pero fuera de tiempo, en un a\u00f1o en el que la tendencia obligada pasa por la incorporaci\u00f3n de rayas al icono en cuesti\u00f3n, tal y como demuestran los del Festival de Cine, Festival de Jazz e incluso centenario de la Real.<\/p>\n<p>En cuanto al contenido, la principal conclusi\u00f3n que arroja la entrevista es que el discurso de ETA se vuelve m\u00e1s farragoso cuanto m\u00e1s primitiva se torna su actuaci\u00f3n. <\/p>\n<p>Las prolijas explicaciones en torno a las diferencias entre poner un coche-bomba en el Opus Dei y hacerlo en la universidad del Opus Dei o las densas disquisiciones en torno a la no militancia de ETA de sospechosos de militar en ETA que, tras ser detenidos, profieren gritos a favor de ETA constituyen todo un desaf\u00edo a ese estado mental que -quiz\u00e1s sin excesivo rigor- llamamos cordura.<\/p>\n<p>Tras informar de que como trabajadores se sumaron a la huelga del<br \/>\npasado jueves, Gaueko y Argi nos adelantan que, en l\u00ednea con la<br \/>\nmodernidad, trabajan ya en repensarse como organizaci\u00f3n y que antes de<br \/>\nverano tendr\u00e1n a punto su idea-fuerza y, de proceder, sus ejes<br \/>\ntem\u00e1ticos.<\/p>\n<p>Por lo dem\u00e1s, no es del todo seguro que la pareja haya calibrado con exactitud el abanico de oportunidades par\u00f3dicas que su irrupci\u00f3n medi\u00e1tica ofrece a programas de TV, vi\u00f1etistas e imitadores, a todos los cuales les costar\u00e1 poco esfuerzo disparar la popularidad de Gaueko y Argi hasta niveles s\u00f3lo alcanzados por Hansel y Gretel, Vitorio y Lucchino, Faemino y Cansado o, por ce\u00f1irnos a Euskal Herria, Txuri y Urdin, los tiburones del Aquarium.<\/p>\n<!-- AddThis Advanced Settings generic via filter on the_content --><!-- AddThis Share Buttons generic via filter on the_content -->","protected":false},"excerpt":{"rendered":"<p>Sin desmerecer en absoluto el inter\u00e9s de la bater\u00eda de preguntas que el director de &#8216;Gara&#8217; plantea a dos encapuchados que se identifican como los miembros de ETA Gaueko y Argi en la entrevista que hoy publica este peri\u00f3dico, convendr\u00eda ir dando pasos hacia la celebraci\u00f3n de un chat en el que sea el ciber-pueblo-vasco [&hellip;]<!-- AddThis Advanced Settings generic via filter on get_the_excerpt --><!-- AddThis Share Buttons generic via filter on get_the_excerpt --><\/p>\n","protected":false},"author":37,"featured_media":0,"comment_status":"open","ping_status":"closed","sticky":false,"template":"","format":"standard","meta":[],"categories":[2],"tags":[5],"_links":{"self":[{"href":"https:\/\/blogs.diariovasco.com\/eljukebox\/wp-json\/wp\/v2\/posts\/902"}],"collection":[{"href":"https:\/\/blogs.diariovasco.com\/eljukebox\/wp-json\/wp\/v2\/posts"}],"about":[{"href":"https:\/\/blogs.diariovasco.com\/eljukebox\/wp-json\/wp\/v2\/types\/post"}],"author":[{"embeddable":true,"href":"https:\/\/blogs.diariovasco.com\/eljukebox\/wp-json\/wp\/v2\/users\/37"}],"replies":[{"embeddable":true,"href":"https:\/\/blogs.diariovasco.com\/eljukebox\/wp-json\/wp\/v2\/comments?post=902"}],"version-history":[{"count":0,"href":"https:\/\/blogs.diariovasco.com\/eljukebox\/wp-json\/wp\/v2\/posts\/902\/revisions"}],"wp:attachment":[{"href":"https:\/\/blogs.diariovasco.com\/eljukebox\/wp-json\/wp\/v2\/media?parent=902"}],"wp:term":[{"taxonomy":"category","embeddable":true,"href":"https:\/\/blogs.diariovasco.com\/eljukebox\/wp-json\/wp\/v2\/categories?post=902"},{"taxonomy":"post_tag","embeddable":true,"href":"https:\/\/blogs.diariovasco.com\/eljukebox\/wp-json\/wp\/v2\/tags?post=902"}],"curies":[{"name":"wp","href":"https:\/\/api.w.org\/{rel}","templated":true}]}}