{"id":912,"date":"2009-06-25T10:23:02","date_gmt":"2009-06-25T10:23:02","guid":{"rendered":"http:\/\/blogs.diariovasco.com\/eljukebox\/?p=912"},"modified":"2009-06-25T10:23:02","modified_gmt":"2009-06-25T10:23:02","slug":"ente","status":"publish","type":"post","link":"https:\/\/blogs.diariovasco.com\/eljukebox\/2009\/06\/25\/ente\/","title":{"rendered":"Ente"},"content":{"rendered":"<p><P>Pese a lo que vienen sosteniendo algunos &#8216;hooligans&#8217; al socaire del relevo en la c\u00fapula de la EiTB, la calidad del ente en esta nueva etapa no se medir\u00e1 por su capacidad para multiplicar transversales a base de reconvertir identitarios, sino por su potencia a la hora de conformar opiniones libres levantadas sobre criterios propios.<\/P><br \/>\n<P>A diferencia de lo que sucede con los partidos pol\u00edticos, las empresas period\u00edsticas deben actuar sometidas al principio de realidad. Su funci\u00f3n no es&nbsp;hacernos mejores -sea lo que sea esto-, sino m\u00e1s libres y, conviene recordarlo,&nbsp;ambas cosas no siempre tienen por qu\u00e9 coincidir aparentemente.<\/P><br \/>\n<P>En contra de la doctrina que apuesta por utilizar el periodismo como herramienta para construir la realidad, lo cierto es que su misi\u00f3n -sobre todo en el caso de los medios p\u00fablicos-, empieza en la aportaci\u00f3n del m\u00e1ximo n\u00famero de datos y opiones plurales posibles y termina en el servicio de subt\u00edtulos para mudos. La conformaci\u00f3n del pensamiento corre a cuenta de cada cual, lo cual conlleva indudablemente enormes molestias, pero tambi\u00e9n incre\u00edbles ventajas.<\/P><br \/>\n<P>Los criterios profesionales que dicen que a partir de ahora regir\u00e1n el funcionamiento de la euskalirrati se pondr\u00e1n a prueba cada d\u00eda en torno a la misma piedra de toque que rige para todos los dem\u00e1s: su capacidad para incomodar al poder -poderes, habr\u00eda que decir-, aut\u00e9ntico tal\u00f3n de Aquiles de la anterior EiTB, por encima de algunos comportamientos indecorosos.<\/P><br \/>\n<P>Por lo dem\u00e1s, todo esto son reflexiones en torno a una profesi\u00f3n que dicen que est\u00e1 en crisis para, en el mejor de los casos, adaptarse a los nuevos tiempos y que, al igual que la prostituci\u00f3n, ha pasado de buscarse la vida en la calle a ejercer casi exclusivamente en interiores y que en ambos casos, registr\u00e1ndose en ambos casos una alarmante ca\u00edda de los precios, sin que est\u00e9 clara, por otra parte, la relaci\u00f3n entre una cosa y la&nbsp;otra.<\/P><\/p>\n<!-- AddThis Advanced Settings generic via filter on the_content --><!-- AddThis Share Buttons generic via filter on the_content -->","protected":false},"excerpt":{"rendered":"<p>Pese a lo que vienen sosteniendo algunos &#8216;hooligans&#8217; al socaire del relevo en la c\u00fapula de la EiTB, la calidad del ente en esta nueva etapa no se medir\u00e1 por su capacidad para multiplicar transversales a base de reconvertir identitarios, sino por su potencia a la hora de conformar opiniones libres levantadas sobre criterios propios. [&hellip;]<!-- AddThis Advanced Settings generic via filter on get_the_excerpt --><!-- AddThis Share Buttons generic via filter on get_the_excerpt --><\/p>\n","protected":false},"author":37,"featured_media":0,"comment_status":"open","ping_status":"closed","sticky":false,"template":"","format":"standard","meta":[],"categories":[2],"tags":[5],"_links":{"self":[{"href":"https:\/\/blogs.diariovasco.com\/eljukebox\/wp-json\/wp\/v2\/posts\/912"}],"collection":[{"href":"https:\/\/blogs.diariovasco.com\/eljukebox\/wp-json\/wp\/v2\/posts"}],"about":[{"href":"https:\/\/blogs.diariovasco.com\/eljukebox\/wp-json\/wp\/v2\/types\/post"}],"author":[{"embeddable":true,"href":"https:\/\/blogs.diariovasco.com\/eljukebox\/wp-json\/wp\/v2\/users\/37"}],"replies":[{"embeddable":true,"href":"https:\/\/blogs.diariovasco.com\/eljukebox\/wp-json\/wp\/v2\/comments?post=912"}],"version-history":[{"count":0,"href":"https:\/\/blogs.diariovasco.com\/eljukebox\/wp-json\/wp\/v2\/posts\/912\/revisions"}],"wp:attachment":[{"href":"https:\/\/blogs.diariovasco.com\/eljukebox\/wp-json\/wp\/v2\/media?parent=912"}],"wp:term":[{"taxonomy":"category","embeddable":true,"href":"https:\/\/blogs.diariovasco.com\/eljukebox\/wp-json\/wp\/v2\/categories?post=912"},{"taxonomy":"post_tag","embeddable":true,"href":"https:\/\/blogs.diariovasco.com\/eljukebox\/wp-json\/wp\/v2\/tags?post=912"}],"curies":[{"name":"wp","href":"https:\/\/api.w.org\/{rel}","templated":true}]}}